{"id":40902,"date":"2025-11-20T07:15:56","date_gmt":"2025-11-20T11:15:56","guid":{"rendered":"https:\/\/expressaoms.com.br\/?p=40902"},"modified":"2025-11-24T08:55:22","modified_gmt":"2025-11-24T12:55:22","slug":"tres-lagoas-avanca-na-implantacao-de-servico-de-radioterapia-com-autorizacao-da-cnen","status":"publish","type":"post","link":"https:\/\/expressaoms.com.br\/index.php\/2025\/11\/20\/tres-lagoas-avanca-na-implantacao-de-servico-de-radioterapia-com-autorizacao-da-cnen\/","title":{"rendered":"Tr\u00eas Lagoas avan\u00e7a na implanta\u00e7\u00e3o de servi\u00e7o de radioterapia com autoriza\u00e7\u00e3o da CNEN"},"content":{"rendered":"<div class=\"dad65929\">\n<div class=\"_4f9bf79 d7dc56a8 _43c05b5\">\n<div class=\"ds-message _63c77b1\">\n<div class=\"ds-markdown\">\n<p class=\"ds-markdown-paragraph\">A sa\u00fade p\u00fablica de Tr\u00eas Lagoas deu um passo decisivo para a implanta\u00e7\u00e3o do t\u00e3o aguardado servi\u00e7o de radioterapia na cidade. A Comiss\u00e3o Nacional de Energia Nuclear (CNEN) autorizou a constru\u00e7\u00e3o e adequa\u00e7\u00e3o do bunker que vai abrigar o acelerador linear do futuro Centro de Radioterapia do Hospital Nossa Senhora Auxiliadora.<\/p>\n<p class=\"ds-markdown-paragraph\">A libera\u00e7\u00e3o \u00e9 um marco para o projeto, pois permite o in\u00edcio das obras do espa\u00e7o t\u00e9cnico. O bunker \u00e9 uma estrutura especial, projetada com blindagens de concreto e chumbo para conter a radia\u00e7\u00e3o, garantindo seguran\u00e7a total a pacientes, profissionais de sa\u00fade e ao meio ambiente.<\/p>\n<p class=\"ds-markdown-paragraph\">O investimento total previsto para a obra do bunker e aquisi\u00e7\u00e3o do equipamento \u00e9 de R$ 8 milh\u00f5es. Desse montante, R$ 6 milh\u00f5es foram viabilizados por meio de emendas do deputado federal Geraldo Resende (PSDB\/MS), e os outros R$ 2 milh\u00f5es s\u00e3o uma contrapartida do Governo do Estado. Os recursos federais j\u00e1 foram transferidos pelo Fundo Nacional de Sa\u00fade em fevereiro de 2024.<\/p>\n<p class=\"ds-markdown-paragraph\">Com a autoriza\u00e7\u00e3o da CNEN em m\u00e3os, o pr\u00f3ximo passo \u00e9 a an\u00e1lise e aprova\u00e7\u00e3o do projeto pela Vigil\u00e2ncia Sanit\u00e1ria, uma das etapas obrigat\u00f3rias antes do in\u00edcio efetivo da constru\u00e7\u00e3o.<\/p>\n<p class=\"ds-markdown-paragraph\">Para o deputado Geraldo Resende, a conquista representa um avan\u00e7o hist\u00f3rico. \u201cEssa autoriza\u00e7\u00e3o comprova que o trabalho foi conduzido com responsabilidade e dentro de todos os padr\u00f5es t\u00e9cnicos e de seguran\u00e7a. Estamos mais pr\u00f3ximos de concretizar um sonho antigo da regi\u00e3o: ter um servi\u00e7o de radioterapia moderno e eficiente, evitando que os pacientes precisem se deslocar centenas de quil\u00f4metros para realizar o tratamento\u201d, afirmou.<\/p>\n<p class=\"ds-markdown-paragraph\">O futuro Centro de Radioterapia est\u00e1 cadastrado no Programa Nacional de Apoio \u00e0 Aten\u00e7\u00e3o Oncol\u00f3gica (Pronon) e integra o plano de implanta\u00e7\u00e3o do Servi\u00e7o de Alta Complexidade em Oncologia (Cacon). A iniciativa tem o potencial de transformar o Hospital Auxiliadora em um polo de refer\u00eancia no tratamento do c\u00e2ncer para toda a regi\u00e3o.<\/p>\n<p class=\"ds-markdown-paragraph\">O acelerador linear, equipamento essencial para os tratamentos, tem um valor estimado entre R$ 10 e R$ 12 milh\u00f5es. A previs\u00e3o \u00e9 que sua aquisi\u00e7\u00e3o seja feita com recursos federais, tamb\u00e9m por meio do Pronon ou de um conv\u00eanio com o Minist\u00e9rio da Sa\u00fade. A implanta\u00e7\u00e3o do servi\u00e7o promete reduzir significativamente o desgaste e os custos de deslocamento para pacientes oncol\u00f3gicos do interior do estado.<\/p>\n<\/div>\n<\/div>\n<div class=\"ds-theme\"><\/div>\n<div class=\"ds-flex _0a3d93b\">\n<div class=\"ds-flex _965abe9 _54866f7\">\n<div class=\"ds-icon-button db183363\" tabindex=\"-1\" role=\"button\" aria-disabled=\"false\">\n<div class=\"ds-icon-button__hover-bg\"><\/div>\n<div class=\"ds-icon\"><\/div>\n<\/div>\n<div class=\"ds-icon-button db183363\" tabindex=\"-1\" role=\"button\" aria-disabled=\"false\">\n<div class=\"ds-icon-button__hover-bg\"><\/div>\n<div class=\"ds-icon\"><\/div>\n<\/div>\n<div class=\"ds-icon-button db183363\" tabindex=\"-1\" role=\"button\" aria-disabled=\"false\">\n<div class=\"ds-icon-button__hover-bg\"><\/div>\n<div class=\"ds-icon\"><\/div>\n<\/div>\n<div class=\"ds-icon-button db183363\" tabindex=\"-1\" role=\"button\" aria-disabled=\"false\">\n<div class=\"ds-icon-button__hover-bg\"><\/div>\n<div class=\"ds-icon\"><\/div>\n<\/div>\n<div class=\"ds-icon-button db183363\" tabindex=\"-1\" role=\"button\" aria-disabled=\"false\">\n<div class=\"ds-icon-button__hover-bg\"><\/div>\n<div class=\"ds-icon\"><\/div>\n<\/div>\n<\/div>\n<div><\/div>\n<\/div>\n<\/div>\n<\/div>\n<div class=\"_871cbca\"><\/div>\n","protected":false},"excerpt":{"rendered":"<p>A sa\u00fade p\u00fablica de Tr\u00eas Lagoas deu um passo decisivo para a implanta\u00e7\u00e3o do t\u00e3o aguardado servi\u00e7o de radioterapia na cidade. A Comiss\u00e3o Nacional de Energia Nuclear (CNEN) autorizou a constru\u00e7\u00e3o e adequa\u00e7\u00e3o do bunker que vai abrigar o acelerador linear do futuro Centro de Radioterapia do Hospital Nossa Senhora Auxiliadora. A libera\u00e7\u00e3o \u00e9 um [&hellip;]<\/p>\n","protected":false},"author":5,"featured_media":40907,"comment_status":"open","ping_status":"open","sticky":false,"template":"","format":"standard","meta":{"om_disable_all_campaigns":false,"_monsterinsights_skip_tracking":false,"_monsterinsights_sitenote_active":false,"_monsterinsights_sitenote_note":"","_monsterinsights_sitenote_category":0,"footnotes":""},"categories":[30,266,193,44,48],"tags":[],"aioseo_notices":[],"_links":{"self":[{"href":"https:\/\/expressaoms.com.br\/index.php\/wp-json\/wp\/v2\/posts\/40902"}],"collection":[{"href":"https:\/\/expressaoms.com.br\/index.php\/wp-json\/wp\/v2\/posts"}],"about":[{"href":"https:\/\/expressaoms.com.br\/index.php\/wp-json\/wp\/v2\/types\/post"}],"author":[{"embeddable":true,"href":"https:\/\/expressaoms.com.br\/index.php\/wp-json\/wp\/v2\/users\/5"}],"replies":[{"embeddable":true,"href":"https:\/\/expressaoms.com.br\/index.php\/wp-json\/wp\/v2\/comments?post=40902"}],"version-history":[{"count":1,"href":"https:\/\/expressaoms.com.br\/index.php\/wp-json\/wp\/v2\/posts\/40902\/revisions"}],"predecessor-version":[{"id":40904,"href":"https:\/\/expressaoms.com.br\/index.php\/wp-json\/wp\/v2\/posts\/40902\/revisions\/40904"}],"wp:featuredmedia":[{"embeddable":true,"href":"https:\/\/expressaoms.com.br\/index.php\/wp-json\/wp\/v2\/media\/40907"}],"wp:attachment":[{"href":"https:\/\/expressaoms.com.br\/index.php\/wp-json\/wp\/v2\/media?parent=40902"}],"wp:term":[{"taxonomy":"category","embeddable":true,"href":"https:\/\/expressaoms.com.br\/index.php\/wp-json\/wp\/v2\/categories?post=40902"},{"taxonomy":"post_tag","embeddable":true,"href":"https:\/\/expressaoms.com.br\/index.php\/wp-json\/wp\/v2\/tags?post=40902"}],"curies":[{"name":"wp","href":"https:\/\/api.w.org\/{rel}","templated":true}]}}