{"id":40938,"date":"2025-11-22T11:54:29","date_gmt":"2025-11-22T15:54:29","guid":{"rendered":"https:\/\/expressaoms.com.br\/?p=40938"},"modified":"2025-11-22T12:21:44","modified_gmt":"2025-11-22T16:21:44","slug":"pl-ms-criti-prisao-de-jair-bolsnaro-e-pede-uniao-da-centro-direita","status":"publish","type":"post","link":"https:\/\/expressaoms.com.br\/index.php\/2025\/11\/22\/pl-ms-criti-prisao-de-jair-bolsnaro-e-pede-uniao-da-centro-direita\/","title":{"rendered":"PL-MS critica pris\u00e3o de Jair Bolsonaro e pede uni\u00e3o da centro-direita"},"content":{"rendered":"<p>O diret\u00f3rio estadual do Partido Liberal (PL) de Mato Grosso do Sul divulgou, nesta semana, uma nota oficial lamentando o que classificou como a \u201cprecipitada pris\u00e3o\u201d do ex-presidente Jair Bolsonaro. O texto afirma que a deten\u00e7\u00e3o ocorreu antes do esgotamento do devido processo legal, cr\u00edtica que refor\u00e7a a posi\u00e7\u00e3o da sigla quanto ao andamento das investiga\u00e7\u00f5es e a\u00e7\u00f5es judiciais envolvendo o ex-chefe do Executivo.<\/p>\n<p><img fetchpriority=\"high\" decoding=\"async\" class=\"alignnone size-full wp-image-40940\" src=\"https:\/\/expressaoms.com.br\/wp-content\/uploads\/2025\/11\/0cf3c130-88f1-4ebb-a61a-bfba6c200fee.jpeg\" alt=\"\" width=\"1290\" height=\"1375\" srcset=\"https:\/\/expressaoms.com.br\/wp-content\/uploads\/2025\/11\/0cf3c130-88f1-4ebb-a61a-bfba6c200fee.jpeg 1290w, https:\/\/expressaoms.com.br\/wp-content\/uploads\/2025\/11\/0cf3c130-88f1-4ebb-a61a-bfba6c200fee-281x300.jpeg 281w, https:\/\/expressaoms.com.br\/wp-content\/uploads\/2025\/11\/0cf3c130-88f1-4ebb-a61a-bfba6c200fee-961x1024.jpeg 961w, https:\/\/expressaoms.com.br\/wp-content\/uploads\/2025\/11\/0cf3c130-88f1-4ebb-a61a-bfba6c200fee-768x819.jpeg 768w, https:\/\/expressaoms.com.br\/wp-content\/uploads\/2025\/11\/0cf3c130-88f1-4ebb-a61a-bfba6c200fee-600x640.jpeg 600w\" sizes=\"(max-width: 1290px) 100vw, 1290px\" \/><\/p>\n<p>Na manifesta\u00e7\u00e3o, o PL-MS destacou que o momento exige \u201cuni\u00e3o das lideran\u00e7as e das bases de centro-direita\u201d, convocando seus apoiadores a se manterem firmes e vigilantes na \u201cdefesa da liberdade, da justi\u00e7a e dos direitos fundamentais de todo cidad\u00e3o brasileiro\u201d.<\/p>\n<p>A nota refor\u00e7a o tom de alinhamento da sigla regional ao discurso nacional do partido, que tem reagido \u00e0 pris\u00e3o do ex-presidente com cr\u00edticas ao Judici\u00e1rio e pedidos de mobiliza\u00e7\u00e3o pol\u00edtica. O PL segue sendo a principal base de apoio de Bolsonaro desde o t\u00e9rmino de seu mandato e mant\u00e9m forte atua\u00e7\u00e3o em Mato Grosso do Sul, onde o ex-presidente continua com expressiva base eleitoral.<\/p>\n","protected":false},"excerpt":{"rendered":"<p>O diret\u00f3rio estadual do Partido Liberal (PL) de Mato Grosso do Sul divulgou, nesta semana, uma nota oficial lamentando o que classificou como a \u201cprecipitada pris\u00e3o\u201d do ex-presidente Jair Bolsonaro. O texto afirma que a deten\u00e7\u00e3o ocorreu antes do esgotamento do devido processo legal, cr\u00edtica que refor\u00e7a a posi\u00e7\u00e3o da sigla quanto ao andamento das [&hellip;]<\/p>\n","protected":false},"author":2,"featured_media":40939,"comment_status":"open","ping_status":"open","sticky":false,"template":"","format":"standard","meta":{"om_disable_all_campaigns":false,"_monsterinsights_skip_tracking":false,"_monsterinsights_sitenote_active":false,"_monsterinsights_sitenote_note":"","_monsterinsights_sitenote_category":0,"footnotes":""},"categories":[266,42],"tags":[],"aioseo_notices":[],"_links":{"self":[{"href":"https:\/\/expressaoms.com.br\/index.php\/wp-json\/wp\/v2\/posts\/40938"}],"collection":[{"href":"https:\/\/expressaoms.com.br\/index.php\/wp-json\/wp\/v2\/posts"}],"about":[{"href":"https:\/\/expressaoms.com.br\/index.php\/wp-json\/wp\/v2\/types\/post"}],"author":[{"embeddable":true,"href":"https:\/\/expressaoms.com.br\/index.php\/wp-json\/wp\/v2\/users\/2"}],"replies":[{"embeddable":true,"href":"https:\/\/expressaoms.com.br\/index.php\/wp-json\/wp\/v2\/comments?post=40938"}],"version-history":[{"count":1,"href":"https:\/\/expressaoms.com.br\/index.php\/wp-json\/wp\/v2\/posts\/40938\/revisions"}],"predecessor-version":[{"id":40941,"href":"https:\/\/expressaoms.com.br\/index.php\/wp-json\/wp\/v2\/posts\/40938\/revisions\/40941"}],"wp:featuredmedia":[{"embeddable":true,"href":"https:\/\/expressaoms.com.br\/index.php\/wp-json\/wp\/v2\/media\/40939"}],"wp:attachment":[{"href":"https:\/\/expressaoms.com.br\/index.php\/wp-json\/wp\/v2\/media?parent=40938"}],"wp:term":[{"taxonomy":"category","embeddable":true,"href":"https:\/\/expressaoms.com.br\/index.php\/wp-json\/wp\/v2\/categories?post=40938"},{"taxonomy":"post_tag","embeddable":true,"href":"https:\/\/expressaoms.com.br\/index.php\/wp-json\/wp\/v2\/tags?post=40938"}],"curies":[{"name":"wp","href":"https:\/\/api.w.org\/{rel}","templated":true}]}}