{"id":41316,"date":"2025-12-02T17:46:01","date_gmt":"2025-12-02T21:46:01","guid":{"rendered":"https:\/\/expressaoms.com.br\/?p=41316"},"modified":"2025-12-02T17:46:01","modified_gmt":"2025-12-02T21:46:01","slug":"20-dias-apos-reuniao-com-valdemar-contar-se-filia-ao-pl","status":"publish","type":"post","link":"https:\/\/expressaoms.com.br\/index.php\/2025\/12\/02\/20-dias-apos-reuniao-com-valdemar-contar-se-filia-ao-pl\/","title":{"rendered":"20 dias ap\u00f3s reuni\u00e3o com Valdemar, Contar se filia ao PL"},"content":{"rendered":"<p>O ex-deputado estadual e militar da reserva Capit\u00e3o Contar oficializou nesta ter\u00e7a-feira (02) sua filia\u00e7\u00e3o ao Partido Liberal (PL), movimento que ocorre apenas 20 dias ap\u00f3s uma reuni\u00e3o estrat\u00e9gica com Valdemar Costa Neto, presidente nacional da sigla, em Bras\u00edlia. O gesto refor\u00e7a o alinhamento de Contar ao projeto nacional do partido e indica sua prepara\u00e7\u00e3o para disputar espa\u00e7o nas elei\u00e7\u00f5es de 2026.<\/p>\n<p>A filia\u00e7\u00e3o foi assinada durante encontro com Valdemar, o senador Fl\u00e1vio Bolsonaro, o senador Rog\u00e9rio Marinho, o deputado Marcel van Hattem, o deputado Zucco, al\u00e9m do secret\u00e1rio-geral do PL, S\u00f3stenes Cavalcante. O ato teve forte simbologia pol\u00edtica, j\u00e1 que Contar retorna ao partido em um momento de reorganiza\u00e7\u00e3o interna e expans\u00e3o de lideran\u00e7as para compor candidaturas competitivas ao Congresso Nacional.<\/p>\n<p>Em sua manifesta\u00e7\u00e3o p\u00fablica, Contar destacou que sua entrada no PL integra o projeto de fortalecimento do \u201cmaior partido de direita do Brasil\u201d e afirmou ter \u201cgratid\u00e3o e admira\u00e7\u00e3o\u201d ao ex-presidente Jair Bolsonaro. Segundo ele, a prioridade ser\u00e1 atuar na defesa da Constitui\u00e7\u00e3o e no equil\u00edbrio entre os poderes, al\u00e9m de fortalecer a bancada de parlamentares alinhados \u00e0s pautas conservadoras.<\/p>\n<p>Contar tamb\u00e9m ressaltou a necessidade de ampliar a presen\u00e7a de lideran\u00e7as comprometidas com \u201cliberdade, justi\u00e7a e o povo brasileiro\u201d, e afirmou que o partido trabalha na consolida\u00e7\u00e3o de pr\u00e9-candidaturas robustas tanto para a C\u00e2mara quanto para o Senado.<\/p>\n<p>O retorno ao PL consolida Contar como um dos principais nomes da sigla em Mato Grosso do Sul no pleito de 2026 e demonstra a articula\u00e7\u00e3o entre lideran\u00e7as nacionais e estaduais na forma\u00e7\u00e3o de um palanque forte no estado.<\/p>\n","protected":false},"excerpt":{"rendered":"<p>O ex-deputado estadual e militar da reserva Capit\u00e3o Contar oficializou nesta ter\u00e7a-feira (02) sua filia\u00e7\u00e3o ao Partido Liberal (PL), movimento que ocorre apenas 20 dias ap\u00f3s uma reuni\u00e3o estrat\u00e9gica com Valdemar Costa Neto, presidente nacional da sigla, em Bras\u00edlia. O gesto refor\u00e7a o alinhamento de Contar ao projeto nacional do partido e indica sua prepara\u00e7\u00e3o [&hellip;]<\/p>\n","protected":false},"author":3,"featured_media":41317,"comment_status":"open","ping_status":"open","sticky":false,"template":"","format":"standard","meta":{"om_disable_all_campaigns":false,"_monsterinsights_skip_tracking":false,"_monsterinsights_sitenote_active":false,"_monsterinsights_sitenote_note":"","_monsterinsights_sitenote_category":0,"footnotes":""},"categories":[27,266,42],"tags":[],"aioseo_notices":[],"_links":{"self":[{"href":"https:\/\/expressaoms.com.br\/index.php\/wp-json\/wp\/v2\/posts\/41316"}],"collection":[{"href":"https:\/\/expressaoms.com.br\/index.php\/wp-json\/wp\/v2\/posts"}],"about":[{"href":"https:\/\/expressaoms.com.br\/index.php\/wp-json\/wp\/v2\/types\/post"}],"author":[{"embeddable":true,"href":"https:\/\/expressaoms.com.br\/index.php\/wp-json\/wp\/v2\/users\/3"}],"replies":[{"embeddable":true,"href":"https:\/\/expressaoms.com.br\/index.php\/wp-json\/wp\/v2\/comments?post=41316"}],"version-history":[{"count":1,"href":"https:\/\/expressaoms.com.br\/index.php\/wp-json\/wp\/v2\/posts\/41316\/revisions"}],"predecessor-version":[{"id":41318,"href":"https:\/\/expressaoms.com.br\/index.php\/wp-json\/wp\/v2\/posts\/41316\/revisions\/41318"}],"wp:featuredmedia":[{"embeddable":true,"href":"https:\/\/expressaoms.com.br\/index.php\/wp-json\/wp\/v2\/media\/41317"}],"wp:attachment":[{"href":"https:\/\/expressaoms.com.br\/index.php\/wp-json\/wp\/v2\/media?parent=41316"}],"wp:term":[{"taxonomy":"category","embeddable":true,"href":"https:\/\/expressaoms.com.br\/index.php\/wp-json\/wp\/v2\/categories?post=41316"},{"taxonomy":"post_tag","embeddable":true,"href":"https:\/\/expressaoms.com.br\/index.php\/wp-json\/wp\/v2\/tags?post=41316"}],"curies":[{"name":"wp","href":"https:\/\/api.w.org\/{rel}","templated":true}]}}