{"id":41438,"date":"2025-12-05T08:57:58","date_gmt":"2025-12-05T12:57:58","guid":{"rendered":"https:\/\/expressaoms.com.br\/?p=41438"},"modified":"2025-12-10T12:08:51","modified_gmt":"2025-12-10T16:08:51","slug":"assembleia-legislativa-de-ms-debate-criacao-da-carteira-azul-para-motoristas-com-autismo","status":"publish","type":"post","link":"https:\/\/expressaoms.com.br\/index.php\/2025\/12\/05\/assembleia-legislativa-de-ms-debate-criacao-da-carteira-azul-para-motoristas-com-autismo\/","title":{"rendered":"Assembleia Legislativa de MS debate cria\u00e7\u00e3o da &#8220;Carteira Azul&#8221; para motoristas com autismo"},"content":{"rendered":"<p class=\"ds-markdown-paragraph\"><strong><em>Projeto apresentado pelo deputado Ant\u00f4nio Vaz visa facilitar abordagens no tr\u00e2nsito, oferecendo orienta\u00e7\u00f5es a condutores com TEA e agentes de seguran\u00e7a<\/em><\/strong><\/p>\n<p>&nbsp;<\/p>\n<p class=\"ds-markdown-paragraph\">Na sess\u00e3o desta quinta-feira (4), a Assembleia Legislativa de Mato Grosso do Sul come\u00e7ou a tramitar um projeto de lei que institui, em todo o estado, a\u00a0&#8220;Carteira Azul&#8221;, um porta-documentos voltado especificamente para motoristas diagnosticados com Transtorno do Espectro Autista (TEA). A proposta, apresentada pelo deputado\u00a0Ant\u00f4nio Vaz\u00a0no pequeno expediente, tem como objetivo principal prevenir mal-entendidos e garantir mais seguran\u00e7a durante abordagens de tr\u00e2nsito.<\/p>\n<p class=\"ds-markdown-paragraph\">O dispositivo funcionar\u00e1 como um suporte \u00e0 Carteira Nacional de Habilita\u00e7\u00e3o (CNH) e conter\u00e1, al\u00e9m dos documentos pessoais do condutor,\u00a0orienta\u00e7\u00f5es claras para ambas as partes envolvidas em uma abordagem: o motorista com TEA e o agente de seguran\u00e7a.<\/p>\n<p class=\"ds-markdown-paragraph\">De acordo com o texto lido em plen\u00e1rio, as instru\u00e7\u00f5es direcionadas ao\u00a0<strong>condutor<\/strong>\u00a0incluem:<\/p>\n<ul>\n<li>\n<p class=\"ds-markdown-paragraph\">Manter as m\u00e3os vis\u00edveis no volante at\u00e9 receber novas orienta\u00e7\u00f5es;<\/p>\n<\/li>\n<li>\n<p class=\"ds-markdown-paragraph\">Informar imediatamente ao agente que porta a Carteira Azul;<\/p>\n<\/li>\n<li>\n<p class=\"ds-markdown-paragraph\">Evitar movimentos bruscos e aguardar com calma o fim do procedimento.<\/p>\n<\/li>\n<\/ul>\n<p class=\"ds-markdown-paragraph\">J\u00e1 para os\u00a0<strong>agentes de tr\u00e2nsito e policiais<\/strong>, o documento trar\u00e1 diretrizes como:<\/p>\n<ul>\n<li>\n<p class=\"ds-markdown-paragraph\">Utilizar linguagem simples, clara e direta;<\/p>\n<\/li>\n<li>\n<p class=\"ds-markdown-paragraph\">Conceder um tempo maior para respostas e compreens\u00e3o de comandos;<\/p>\n<\/li>\n<li>\n<p class=\"ds-markdown-paragraph\">Reconhecer poss\u00edveis sinais de ansiedade ou sobrecarga sensorial;<\/p>\n<\/li>\n<li>\n<p class=\"ds-markdown-paragraph\">Acionar, quando necess\u00e1rio, um familiar de confian\u00e7a, cujo contato estar\u00e1 registrado no pr\u00f3prio porta-documentos.<\/p>\n<\/li>\n<\/ul>\n<h2 class=\"ds-markdown-paragraph\"><strong>Objetivo: empatia e preven\u00e7\u00e3o de conflitos<\/strong><\/h2>\n<p class=\"ds-markdown-paragraph\">Em sua explana\u00e7\u00e3o, o deputado Ant\u00f4nio Vaz dedicou parte do tempo para explicar as caracter\u00edsticas do TEA, destacando que o transtorno envolve\u00a0dificuldades de comunica\u00e7\u00e3o e intera\u00e7\u00e3o social, comportamentos repetitivos e, frequentemente, hipersensibilidade a est\u00edmulos como luz, som e aglomera\u00e7\u00f5es. Ele ressaltou que, em adultos, esses tra\u00e7os podem ser mais sutis e facilmente interpretados de forma equivocada.<\/p>\n<p class=\"ds-markdown-paragraph\">&#8220;Essas rea\u00e7\u00f5es podem ser lidas como desinteresse, nervosismo excessivo, falta de empatia ou at\u00e9 resist\u00eancia, o que n\u00e3o \u00e9 o caso. A Carteira Azul vem para\u00a0evitar que caracter\u00edsticas do transtorno sejam confundidas com desobedi\u00eancia ou hostilidade&#8221;, explicou Vaz. A inten\u00e7\u00e3o \u00e9\u00a0reduzir conflitos, prevenir crises de ansiedade durante a abordagem e construir uma rela\u00e7\u00e3o de maior compreens\u00e3o e empatia\u00a0entre as pessoas autistas e as for\u00e7as de seguran\u00e7a.<\/p>\n<p class=\"ds-markdown-paragraph\">O projeto prev\u00ea que a Carteira Azul seja disponibilizada em toda a estrutura do\u00a0Detran-MS, incluindo circunscri\u00e7\u00f5es regionais e centros de forma\u00e7\u00e3o de condutores (CFCs). A pessoa com TEA poder\u00e1 solicitar mais de uma unidade do porta-documentos, facilitando o uso em diferentes ve\u00edculos ou situa\u00e7\u00f5es.<\/p>\n<p class=\"ds-markdown-paragraph\">Ap\u00f3s a apresenta\u00e7\u00e3o, o texto inicia sua\u00a0tramita\u00e7\u00e3o ordin\u00e1ria\u00a0na Casa de Leis. Haver\u00e1 um per\u00edodo para a apresenta\u00e7\u00e3o de emendas por outros parlamentares, antes de o projeto ser enviado para an\u00e1lise da\u00a0Comiss\u00e3o de Constitui\u00e7\u00e3o, Justi\u00e7a e Reda\u00e7\u00e3o (CCJR), onde receber\u00e1 o primeiro parecer t\u00e9cnico-jur\u00eddico.<\/p>\n","protected":false},"excerpt":{"rendered":"<p>Projeto apresentado pelo deputado Ant\u00f4nio Vaz visa facilitar abordagens no tr\u00e2nsito, oferecendo orienta\u00e7\u00f5es a condutores com TEA e agentes de seguran\u00e7a &nbsp; Na sess\u00e3o desta quinta-feira (4), a Assembleia Legislativa de Mato Grosso do Sul come\u00e7ou a tramitar um projeto de lei que institui, em todo o estado, a\u00a0&#8220;Carteira Azul&#8221;, um porta-documentos voltado especificamente para [&hellip;]<\/p>\n","protected":false},"author":5,"featured_media":41444,"comment_status":"open","ping_status":"open","sticky":false,"template":"","format":"standard","meta":{"om_disable_all_campaigns":false,"_monsterinsights_skip_tracking":false,"_monsterinsights_sitenote_active":false,"_monsterinsights_sitenote_note":"","_monsterinsights_sitenote_category":0,"footnotes":""},"categories":[266,42],"tags":[],"aioseo_notices":[],"_links":{"self":[{"href":"https:\/\/expressaoms.com.br\/index.php\/wp-json\/wp\/v2\/posts\/41438"}],"collection":[{"href":"https:\/\/expressaoms.com.br\/index.php\/wp-json\/wp\/v2\/posts"}],"about":[{"href":"https:\/\/expressaoms.com.br\/index.php\/wp-json\/wp\/v2\/types\/post"}],"author":[{"embeddable":true,"href":"https:\/\/expressaoms.com.br\/index.php\/wp-json\/wp\/v2\/users\/5"}],"replies":[{"embeddable":true,"href":"https:\/\/expressaoms.com.br\/index.php\/wp-json\/wp\/v2\/comments?post=41438"}],"version-history":[{"count":1,"href":"https:\/\/expressaoms.com.br\/index.php\/wp-json\/wp\/v2\/posts\/41438\/revisions"}],"predecessor-version":[{"id":41439,"href":"https:\/\/expressaoms.com.br\/index.php\/wp-json\/wp\/v2\/posts\/41438\/revisions\/41439"}],"wp:featuredmedia":[{"embeddable":true,"href":"https:\/\/expressaoms.com.br\/index.php\/wp-json\/wp\/v2\/media\/41444"}],"wp:attachment":[{"href":"https:\/\/expressaoms.com.br\/index.php\/wp-json\/wp\/v2\/media?parent=41438"}],"wp:term":[{"taxonomy":"category","embeddable":true,"href":"https:\/\/expressaoms.com.br\/index.php\/wp-json\/wp\/v2\/categories?post=41438"},{"taxonomy":"post_tag","embeddable":true,"href":"https:\/\/expressaoms.com.br\/index.php\/wp-json\/wp\/v2\/tags?post=41438"}],"curies":[{"name":"wp","href":"https:\/\/api.w.org\/{rel}","templated":true}]}}