{"id":41447,"date":"2025-12-05T09:18:09","date_gmt":"2025-12-05T13:18:09","guid":{"rendered":"https:\/\/expressaoms.com.br\/?p=41447"},"modified":"2025-12-05T09:18:09","modified_gmt":"2025-12-05T13:18:09","slug":"tres-lagoas-aprova-lei-da-seguranca-escolar-com-limite-de-30-km-h-e-faixas-elevadas","status":"publish","type":"post","link":"https:\/\/expressaoms.com.br\/index.php\/2025\/12\/05\/tres-lagoas-aprova-lei-da-seguranca-escolar-com-limite-de-30-km-h-e-faixas-elevadas\/","title":{"rendered":"Tr\u00eas Lagoas aprova Lei da Seguran\u00e7a Escolar com limite de 30 km\/h e faixas elevadas"},"content":{"rendered":"<p class=\"ds-markdown-paragraph\"><strong><em>Nova legisla\u00e7\u00e3o, sancionada pelo prefeito Cassiano Maia, estabelece prazo de seis meses para implanta\u00e7\u00e3o de medidas de prote\u00e7\u00e3o vi\u00e1ria em volta de todas as escolas da cidade.<\/em><\/strong><\/p>\n<p class=\"ds-markdown-paragraph\">A seguran\u00e7a no entorno das institui\u00e7\u00f5es de ensino em Tr\u00eas Lagoas ganhou um refor\u00e7o legal significativo. O prefeito\u00a0Cassiano Maia\u00a0sancionou e promulgou nesta quarta-feira (3) a\u00a0Lei Municipal n\u00ba 4.353, de 14 de outubro de 2025, que obriga a implementa\u00e7\u00e3o de medidas espec\u00edficas de seguran\u00e7a vi\u00e1ria nas proximidades de todas as creches, escolas e faculdades do munic\u00edpio, sejam p\u00fablicas ou privadas.<\/p>\n<p class=\"ds-markdown-paragraph\">A lei, de autoria coletiva de 15 vereadores, estabelece um\u00a0prazo de 180 dias\u00a0(cerca de seis meses) a partir de sua publica\u00e7\u00e3o para que o Poder Executivo cumpra duas a\u00e7\u00f5es principais em todas as vias que contornam os quarteir\u00f5es onde h\u00e1 uma institui\u00e7\u00e3o de ensino:<\/p>\n<ol start=\"1\">\n<li>\n<p class=\"ds-markdown-paragraph\"><strong>Redu\u00e7\u00e3o de Velocidade:<\/strong>\u00a0A velocidade m\u00e1xima permitida ser\u00e1 reduzida para\u00a0<strong>30 km\/h<\/strong>. A sinaliza\u00e7\u00e3o deve seguir as normas do C\u00f3digo de Tr\u00e2nsito Brasileiro (CTB) e do Conselho Nacional de Tr\u00e2nsito (Contran).<\/p>\n<\/li>\n<li>\n<p class=\"ds-markdown-paragraph\"><strong>Faixas Elevadas:<\/strong>\u00a0Dever\u00e3o ser instaladas\u00a0<strong>faixas de pedestre elevadas<\/strong>\u00a0em todas as frentes de acesso principal das escolas. A obra deve atender aos padr\u00f5es t\u00e9cnicos dos \u00f3rg\u00e3os competentes.<\/p>\n<\/li>\n<\/ol>\n<p class=\"ds-markdown-paragraph\">A medida tem como foco principal aumentar a seguran\u00e7a de alunos, professores, pais e funcion\u00e1rios no momento de entrada e sa\u00edda das escolas, hor\u00e1rios tradicionalmente cr\u00edticos com grande fluxo de pedestres e ve\u00edculos. A combina\u00e7\u00e3o das duas a\u00e7\u00f5es \u00e9 considerada eficaz pela engenharia de tr\u00e1fego: a velocidade reduzida diminui a dist\u00e2ncia de frenagem e a gravidade de poss\u00edveis atropelamentos, enquanto a faixa elevada funciona como um redutor natural de velocidade, al\u00e9m de dar prioridade e maior visibilidade ao pedestre.<\/p>\n<p class=\"ds-markdown-paragraph\">A fiscaliza\u00e7\u00e3o do cumprimento da lei ser\u00e1 responsabilidade do \u00f3rg\u00e3o executivo de tr\u00e2nsito do munic\u00edpio. As despesas decorrentes da implanta\u00e7\u00e3o das medidas ser\u00e3o custeadas com recursos do or\u00e7amento municipal, que poder\u00e3o ser suplementados se necess\u00e1rio.<\/p>\n<p class=\"ds-markdown-paragraph\">A lei, que entra em vigor a partir da data de sua publica\u00e7\u00e3o, foi proposta por um amplo grupo de vereadores, demonstrando consenso na C\u00e2mara Municipal sobre a urg\u00eancia do tema. Os autores s\u00e3o: Ant\u00f4nio Luiz Teixeira Empke J\u00fanior, Ademir Silva dos Santos, Adriano Cezar Rodrigues, Daniel Francisco de Brito, Davis Martinelli Leal dos Santos, Evalda dos Reis Ferreira, Fernando Lucas de Souza Jurado, Marco Antonio Ramos da Silva, Marcus Vin\u00edcius Baz\u00e9 de Lima, Maria Aparecida Diogo, M\u00e1rio Luiz de Almeida Grespan, Pedro Machado Gon\u00e7alves J\u00fanior, Robson Fegruglia da Cosa, Sirlene dos Santos Pereira e Vagner Ten\u00f3rio da Silva.<\/p>\n<p class=\"ds-markdown-paragraph\">A publica\u00e7\u00e3o da lei no Di\u00e1rio Oficial do Munic\u00edpio marca o in\u00edcio da contagem do prazo de 180 dias para que a administra\u00e7\u00e3o municipal promova as mudan\u00e7as, que t\u00eam o potencial de transformar o ambiente no entorno das escolas em \u00e1reas mais seguras e pac\u00edficas para toda a comunidade.<\/p>\n","protected":false},"excerpt":{"rendered":"<p>Nova legisla\u00e7\u00e3o, sancionada pelo prefeito Cassiano Maia, estabelece prazo de seis meses para implanta\u00e7\u00e3o de medidas de prote\u00e7\u00e3o vi\u00e1ria em volta de todas as escolas da cidade. A seguran\u00e7a no entorno das institui\u00e7\u00f5es de ensino em Tr\u00eas Lagoas ganhou um refor\u00e7o legal significativo. O prefeito\u00a0Cassiano Maia\u00a0sancionou e promulgou nesta quarta-feira (3) a\u00a0Lei Municipal n\u00ba 4.353, [&hellip;]<\/p>\n","protected":false},"author":5,"featured_media":41448,"comment_status":"open","ping_status":"open","sticky":false,"template":"","format":"standard","meta":{"om_disable_all_campaigns":false,"_monsterinsights_skip_tracking":false,"_monsterinsights_sitenote_active":false,"_monsterinsights_sitenote_note":"","_monsterinsights_sitenote_category":0,"footnotes":""},"categories":[30,36,266,193,48],"tags":[],"aioseo_notices":[],"_links":{"self":[{"href":"https:\/\/expressaoms.com.br\/index.php\/wp-json\/wp\/v2\/posts\/41447"}],"collection":[{"href":"https:\/\/expressaoms.com.br\/index.php\/wp-json\/wp\/v2\/posts"}],"about":[{"href":"https:\/\/expressaoms.com.br\/index.php\/wp-json\/wp\/v2\/types\/post"}],"author":[{"embeddable":true,"href":"https:\/\/expressaoms.com.br\/index.php\/wp-json\/wp\/v2\/users\/5"}],"replies":[{"embeddable":true,"href":"https:\/\/expressaoms.com.br\/index.php\/wp-json\/wp\/v2\/comments?post=41447"}],"version-history":[{"count":1,"href":"https:\/\/expressaoms.com.br\/index.php\/wp-json\/wp\/v2\/posts\/41447\/revisions"}],"predecessor-version":[{"id":41449,"href":"https:\/\/expressaoms.com.br\/index.php\/wp-json\/wp\/v2\/posts\/41447\/revisions\/41449"}],"wp:featuredmedia":[{"embeddable":true,"href":"https:\/\/expressaoms.com.br\/index.php\/wp-json\/wp\/v2\/media\/41448"}],"wp:attachment":[{"href":"https:\/\/expressaoms.com.br\/index.php\/wp-json\/wp\/v2\/media?parent=41447"}],"wp:term":[{"taxonomy":"category","embeddable":true,"href":"https:\/\/expressaoms.com.br\/index.php\/wp-json\/wp\/v2\/categories?post=41447"},{"taxonomy":"post_tag","embeddable":true,"href":"https:\/\/expressaoms.com.br\/index.php\/wp-json\/wp\/v2\/tags?post=41447"}],"curies":[{"name":"wp","href":"https:\/\/api.w.org\/{rel}","templated":true}]}}