{"id":41461,"date":"2025-12-05T14:37:49","date_gmt":"2025-12-05T18:37:49","guid":{"rendered":"https:\/\/expressaoms.com.br\/?p=41461"},"modified":"2025-12-05T14:37:49","modified_gmt":"2025-12-05T18:37:49","slug":"papai-noel-emociona-moradores-ao-chegar-a-tres-lagoas-e-abrir-oficialmente-o-natal-encantado-2025","status":"publish","type":"post","link":"https:\/\/expressaoms.com.br\/index.php\/2025\/12\/05\/papai-noel-emociona-moradores-ao-chegar-a-tres-lagoas-e-abrir-oficialmente-o-natal-encantado-2025\/","title":{"rendered":"Papai Noel emociona moradores ao chegar a Tr\u00eas Lagoas e abrir oficialmente o \u201cNatal Encantado 2025\u201d"},"content":{"rendered":"<p>A noite de quinta-feira (4) foi marcada por muita emo\u00e7\u00e3o e esp\u00edrito natalino em Tr\u00eas Lagoas. A cidade recebeu a t\u00e3o aguardada visita do Papai Noel, que desembarcou para dar in\u00edcio \u00e0 programa\u00e7\u00e3o oficial do \u201cNatal Encantado 2025\u201d, evento promovido pela Prefeitura de Tr\u00eas Lagoas, por meio da Secretaria Municipal de Educa\u00e7\u00e3o e Cultura (SEMEC) e da Diretoria de Cultura.<\/p>\n<p>O bom velhinho iniciou sua passagem na Unidade do Corpo de Bombeiros de Tr\u00eas Lagoas, de l\u00e1, seguiu em carro aberto, acenando para as fam\u00edlias que se reuniram ao longo do trajeto para v\u00ea-lo passar. O percurso, marcado por luzes e clima festivo, incluiu pontos turisticos como a Lagoa Maior, tradicional cart\u00e3o-postal do munic\u00edpio.<\/p>\n<p>Enquanto isso, o prefeito Dr. Cassiano Rojas Maia e a primeira-dama, Kelly Abon\u00edzio, aguardavam a chegada de Papai Noel na \u201cCidade do Natal\u201d, acompanhados por moradores que se reuniram desde cedo ao som da banda Crase Lata. O clima de expectativa tomou conta do espa\u00e7o e tornou a recep\u00e7\u00e3o ainda mais alegre e emocionante.<\/p>\n<p><strong>TRAJETO ILUMINADO<\/strong><\/p>\n<p>O desfile seguiu pela avenida Capit\u00e3o Olinto Mancini e depois pela avenida Ant\u00f4nio Trajano dos Santos, at\u00e9 alcan\u00e7ar a Cidade do Natal, onde uma estrutura especial com luzes, m\u00fasica e personagens tem\u00e1ticos aguardava o convidado mais esperado da noite. A chegada do bom velhinho coroou o momento e marcou oficialmente a abertura das atra\u00e7\u00f5es natalinas.<\/p>\n<p>Al\u00e9m do tradicional desfile, a noite tamb\u00e9m contou com apresenta\u00e7\u00f5es culturais que refor\u00e7aram o clima festivo. \u00c0s 19h, o Coral Infantil da Diretoria de Cultura apresentou o espet\u00e1culo \u201cUma Noite de Luz\u201d, na Esplanada da N.O.B. Mais tarde, \u00e0s 20h30, o N\u00facleo de M\u00fasica encantou o p\u00fablico com a apresenta\u00e7\u00e3o \u201cNoite Feliz\u201d, reunindo teclado e acordeon em um repert\u00f3rio especial de Natal.<\/p>\n<p>A programa\u00e7\u00e3o completa do \u201cNatal Encantado\u201d segue nos pr\u00f3ximos dias, com diversas atividades voltadas para toda a fam\u00edlia.<\/p>\n<p><strong>CONFIRA A AGENDA COMPLETA DO NATAL ENCANTADO:<\/strong><br \/>\n<em>Acesse pelo link:\u00a0<a href=\"https:\/\/www.treslagoas.ms.gov.br\/agendanatalinatl\/\"><strong>https:\/\/www.treslagoas.ms.gov.br\/agendanatalinatl\/<\/strong><\/a><\/em><\/p>\n","protected":false},"excerpt":{"rendered":"<p>A noite de quinta-feira (4) foi marcada por muita emo\u00e7\u00e3o e esp\u00edrito natalino em Tr\u00eas Lagoas. A cidade recebeu a t\u00e3o aguardada visita do Papai Noel, que desembarcou para dar in\u00edcio \u00e0 programa\u00e7\u00e3o oficial do \u201cNatal Encantado 2025\u201d, evento promovido pela Prefeitura de Tr\u00eas Lagoas, por meio da Secretaria Municipal de Educa\u00e7\u00e3o e Cultura (SEMEC) [&hellip;]<\/p>\n","protected":false},"author":5,"featured_media":41462,"comment_status":"open","ping_status":"open","sticky":false,"template":"","format":"standard","meta":{"om_disable_all_campaigns":false,"_monsterinsights_skip_tracking":false,"_monsterinsights_sitenote_active":false,"_monsterinsights_sitenote_note":"","_monsterinsights_sitenote_category":0,"footnotes":""},"categories":[30,266,193,48],"tags":[],"aioseo_notices":[],"_links":{"self":[{"href":"https:\/\/expressaoms.com.br\/index.php\/wp-json\/wp\/v2\/posts\/41461"}],"collection":[{"href":"https:\/\/expressaoms.com.br\/index.php\/wp-json\/wp\/v2\/posts"}],"about":[{"href":"https:\/\/expressaoms.com.br\/index.php\/wp-json\/wp\/v2\/types\/post"}],"author":[{"embeddable":true,"href":"https:\/\/expressaoms.com.br\/index.php\/wp-json\/wp\/v2\/users\/5"}],"replies":[{"embeddable":true,"href":"https:\/\/expressaoms.com.br\/index.php\/wp-json\/wp\/v2\/comments?post=41461"}],"version-history":[{"count":1,"href":"https:\/\/expressaoms.com.br\/index.php\/wp-json\/wp\/v2\/posts\/41461\/revisions"}],"predecessor-version":[{"id":41463,"href":"https:\/\/expressaoms.com.br\/index.php\/wp-json\/wp\/v2\/posts\/41461\/revisions\/41463"}],"wp:featuredmedia":[{"embeddable":true,"href":"https:\/\/expressaoms.com.br\/index.php\/wp-json\/wp\/v2\/media\/41462"}],"wp:attachment":[{"href":"https:\/\/expressaoms.com.br\/index.php\/wp-json\/wp\/v2\/media?parent=41461"}],"wp:term":[{"taxonomy":"category","embeddable":true,"href":"https:\/\/expressaoms.com.br\/index.php\/wp-json\/wp\/v2\/categories?post=41461"},{"taxonomy":"post_tag","embeddable":true,"href":"https:\/\/expressaoms.com.br\/index.php\/wp-json\/wp\/v2\/tags?post=41461"}],"curies":[{"name":"wp","href":"https:\/\/api.w.org\/{rel}","templated":true}]}}