{"id":41467,"date":"2025-12-05T16:54:42","date_gmt":"2025-12-05T20:54:42","guid":{"rendered":"https:\/\/expressaoms.com.br\/?p=41467"},"modified":"2025-12-05T14:46:53","modified_gmt":"2025-12-05T18:46:53","slug":"pessoas-com-equipamentos-medicos-e-baixa-renda-terao-protecao-contra-cortes-de-energia-em-ms","status":"publish","type":"post","link":"https:\/\/expressaoms.com.br\/index.php\/2025\/12\/05\/pessoas-com-equipamentos-medicos-e-baixa-renda-terao-protecao-contra-cortes-de-energia-em-ms\/","title":{"rendered":"Pessoas com equipamentos m\u00e9dicos e baixa renda ter\u00e3o prote\u00e7\u00e3o contra cortes de energia em MS"},"content":{"rendered":"<p class=\"ds-markdown-paragraph\"><strong><em>Decreto assinado pelo governador Eduardo Riedel define hor\u00e1rios, pro\u00edbe suspens\u00e3o em fins de semana e cria prote\u00e7\u00e3o para idosos, doentes e baixa renda<\/em><\/strong><\/p>\n<p>&nbsp;<\/p>\n<p class=\"ds-markdown-paragraph\">O Governo do Estado de Mato Grosso do Sul publicou, no Di\u00e1rio Oficial desta quinta-feira (5), o decreto que regulamenta a Lei n\u00ba 6.513, estabelecendo regras claras, limites e condi\u00e7\u00f5es para a suspens\u00e3o no fornecimento de \u00e1gua e energia el\u00e9trica por inadimpl\u00eancia. A norma, assinada pelo governador Eduardo Riedel, tem como objetivo principal\u00a0coibir cortes indevidos, oferecer maior seguran\u00e7a jur\u00eddica e garantir transpar\u00eancia\u00a0nos procedimentos das concession\u00e1rias.<\/p>\n<p class=\"ds-markdown-paragraph\">A medida traz uma s\u00e9rie de prote\u00e7\u00f5es aos consumidores. Entre as principais mudan\u00e7as, est\u00e1 a\u00a0defini\u00e7\u00e3o de um hor\u00e1rio espec\u00edfico\u00a0para a realiza\u00e7\u00e3o dos cortes: agora, eles s\u00f3 poder\u00e3o ocorrer\u00a0entre 8h e 18h, de segunda a sexta-feira. Fica expressamente\u00a0proibida a suspens\u00e3o dos servi\u00e7os aos s\u00e1bados, domingos, feriados e tamb\u00e9m no dia anterior a feriados.<\/p>\n<p class=\"ds-markdown-paragraph\">O decreto prev\u00ea uma aten\u00e7\u00e3o especial a situa\u00e7\u00f5es de maior vulnerabilidade. Em unidades consumidoras onde residam pessoas que\u00a0dependem de equipamentos de uso cont\u00ednuo alimentados por energia el\u00e9trica\u00a0\u2013 como concentradores de oxig\u00eanio, ventiladores pulmonares ou cadeiras de rodas el\u00e9tricas \u2013, o corte n\u00e3o poder\u00e1 ser realizado, desde que haja\u00a0comprova\u00e7\u00e3o m\u00e9dica\u00a0da necessidade.<\/p>\n<p class=\"ds-markdown-paragraph\">Fam\u00edlias de baixa renda\u00a0devidamente cadastradas nos programas sociais tamb\u00e9m ter\u00e3o um atendimento diferenciado, com regras complementares a serem observadas pelas empresas, priorizando a negocia\u00e7\u00e3o e alternativas ao desligamento.<\/p>\n<p class=\"ds-markdown-paragraph\">Antes de qualquer suspens\u00e3o, as concession\u00e1rias s\u00e3o obrigadas a seguir um rito que priorize a solu\u00e7\u00e3o do d\u00e9bito. As novas regras determinam que as empresas devem:<\/p>\n<ul>\n<li>\n<p class=\"ds-markdown-paragraph\"><strong>Notificar previamente<\/strong>\u00a0o consumidor sobre os d\u00e9bitos e o risco iminente de corte.<\/p>\n<\/li>\n<li>\n<p class=\"ds-markdown-paragraph\"><strong>Oferecer canais de negocia\u00e7\u00e3o<\/strong>\u00a0para a quita\u00e7\u00e3o da d\u00edvida ou parcelamento.<\/p>\n<\/li>\n<li>\n<p class=\"ds-markdown-paragraph\"><strong>Registrar a tentativa de contato<\/strong>\u00a0com o consumidor.<\/p>\n<\/li>\n<li>\n<p class=\"ds-markdown-paragraph\"><strong>Emitir um aviso formal<\/strong>\u00a0de interrup\u00e7\u00e3o antes da a\u00e7\u00e3o efetiva.<\/p>\n<\/li>\n<\/ul>\n<p class=\"ds-markdown-paragraph\">A regulamenta\u00e7\u00e3o estadual refor\u00e7a e complementa as normas j\u00e1 estabelecidas pela\u00a0Ag\u00eancia Nacional de Energia El\u00e9trica (Aneel)\u00a0e pela\u00a0Ag\u00eancia Nacional de \u00c1guas (ANA), garantindo uma padroniza\u00e7\u00e3o de procedimentos e direitos em todo o estado.<\/p>\n<p class=\"ds-markdown-paragraph\">A expectativa do governo \u00e9 que o decreto\u00a0reduza significativamente as ocorr\u00eancias de cortes considerados abusivos ou realizados em desrespeito \u00e0 dignidade do consumidor. Ao estabelecer crit\u00e9rios r\u00edgidos de hor\u00e1rio, dias e condi\u00e7\u00f5es, a norma promove mais clareza e previsibilidade, tanto para a popula\u00e7\u00e3o quanto para as pr\u00f3prias concession\u00e1rias de servi\u00e7os p\u00fablicos.<\/p>\n<p class=\"ds-markdown-paragraph\">A regulamenta\u00e7\u00e3o entra em vigor a partir de sua publica\u00e7\u00e3o, valendo para todas as concession\u00e1rias de \u00e1gua e energia que atuam em Mato Grosso do Sul.<\/p>\n","protected":false},"excerpt":{"rendered":"<p>Decreto assinado pelo governador Eduardo Riedel define hor\u00e1rios, pro\u00edbe suspens\u00e3o em fins de semana e cria prote\u00e7\u00e3o para idosos, doentes e baixa renda &nbsp; O Governo do Estado de Mato Grosso do Sul publicou, no Di\u00e1rio Oficial desta quinta-feira (5), o decreto que regulamenta a Lei n\u00ba 6.513, estabelecendo regras claras, limites e condi\u00e7\u00f5es para [&hellip;]<\/p>\n","protected":false},"author":5,"featured_media":41468,"comment_status":"open","ping_status":"open","sticky":false,"template":"","format":"standard","meta":{"om_disable_all_campaigns":false,"_monsterinsights_skip_tracking":false,"_monsterinsights_sitenote_active":false,"_monsterinsights_sitenote_note":"","_monsterinsights_sitenote_category":0,"footnotes":""},"categories":[30,36,266,193,48],"tags":[],"aioseo_notices":[],"_links":{"self":[{"href":"https:\/\/expressaoms.com.br\/index.php\/wp-json\/wp\/v2\/posts\/41467"}],"collection":[{"href":"https:\/\/expressaoms.com.br\/index.php\/wp-json\/wp\/v2\/posts"}],"about":[{"href":"https:\/\/expressaoms.com.br\/index.php\/wp-json\/wp\/v2\/types\/post"}],"author":[{"embeddable":true,"href":"https:\/\/expressaoms.com.br\/index.php\/wp-json\/wp\/v2\/users\/5"}],"replies":[{"embeddable":true,"href":"https:\/\/expressaoms.com.br\/index.php\/wp-json\/wp\/v2\/comments?post=41467"}],"version-history":[{"count":1,"href":"https:\/\/expressaoms.com.br\/index.php\/wp-json\/wp\/v2\/posts\/41467\/revisions"}],"predecessor-version":[{"id":41469,"href":"https:\/\/expressaoms.com.br\/index.php\/wp-json\/wp\/v2\/posts\/41467\/revisions\/41469"}],"wp:featuredmedia":[{"embeddable":true,"href":"https:\/\/expressaoms.com.br\/index.php\/wp-json\/wp\/v2\/media\/41468"}],"wp:attachment":[{"href":"https:\/\/expressaoms.com.br\/index.php\/wp-json\/wp\/v2\/media?parent=41467"}],"wp:term":[{"taxonomy":"category","embeddable":true,"href":"https:\/\/expressaoms.com.br\/index.php\/wp-json\/wp\/v2\/categories?post=41467"},{"taxonomy":"post_tag","embeddable":true,"href":"https:\/\/expressaoms.com.br\/index.php\/wp-json\/wp\/v2\/tags?post=41467"}],"curies":[{"name":"wp","href":"https:\/\/api.w.org\/{rel}","templated":true}]}}