{"id":41470,"date":"2025-12-05T15:05:15","date_gmt":"2025-12-05T19:05:15","guid":{"rendered":"https:\/\/expressaoms.com.br\/?p=41470"},"modified":"2025-12-05T15:05:15","modified_gmt":"2025-12-05T19:05:15","slug":"tres-lagoas-e-autorizada-pelo-ministerio-da-saude-a-receber-mais-de-r-522-mil-para-estruturacao-da-upa","status":"publish","type":"post","link":"https:\/\/expressaoms.com.br\/index.php\/2025\/12\/05\/tres-lagoas-e-autorizada-pelo-ministerio-da-saude-a-receber-mais-de-r-522-mil-para-estruturacao-da-upa\/","title":{"rendered":"Tr\u00eas Lagoas \u00e9 autorizada pelo minist\u00e9rio da sa\u00fade a receber mais de R$ 522 mil para estrutura\u00e7\u00e3o da UPA"},"content":{"rendered":"<p>A Secretaria Municipal de Sa\u00fade (SMS) de Tr\u00eas Lagoas, foi contemplada com recursos federais destinados \u00e0 aquisi\u00e7\u00e3o de equipamentos e materiais permanentes para qualificar a estrutura da Unidade de Pronto Atendimento (UPA). A autoriza\u00e7\u00e3o consta na Portaria GM\/MS n\u00ba 9.132, de 4 de dezembro de 2025, publicada no Di\u00e1rio Oficial da Uni\u00e3o.<\/p>\n<p>O Fundo Municipal de Sa\u00fade de Tr\u00eas Lagoas est\u00e1 habilitado a receber R$ 522.369,00 mil, valor aprovado por meio de proposta cadastrada no sistema InvestSUS, com a finalidade de refor\u00e7ar a infraestrutura da UPA e garantir melhores condi\u00e7\u00f5es de atendimento \u00e0 popula\u00e7\u00e3o.<\/p>\n<p>Conforme estabelece a portaria, o repasse ser\u00e1 efetuado em parcela \u00fanica, ap\u00f3s a instru\u00e7\u00e3o do processo pelo Minist\u00e9rio da Sa\u00fade e o cumprimento de todos os requisitos previstos. A aplica\u00e7\u00e3o dos recursos dever\u00e1 constar no Relat\u00f3rio Anual de Gest\u00e3o (RAG), aprovado pelo Conselho Municipal de Sa\u00fade, em conformidade com a legisla\u00e7\u00e3o federal vigente.<\/p>\n<p>O recurso permitir\u00e1 a aquisi\u00e7\u00e3o de equipamentos essenciais para o fortalecimento da unidade, como computadores, aparelhos de ar-condicionado, monitores multipar\u00e2metro, poltronas, macas, cama hospitalar, televisores, manequim para treinamento, cadeiras de rodas, equipamentos de enfermagem, entre outros itens necess\u00e1rios para o bom funcionamento e moderniza\u00e7\u00e3o da UPA.<\/p>\n","protected":false},"excerpt":{"rendered":"<p>A Secretaria Municipal de Sa\u00fade (SMS) de Tr\u00eas Lagoas, foi contemplada com recursos federais destinados \u00e0 aquisi\u00e7\u00e3o de equipamentos e materiais permanentes para qualificar a estrutura da Unidade de Pronto Atendimento (UPA). A autoriza\u00e7\u00e3o consta na Portaria GM\/MS n\u00ba 9.132, de 4 de dezembro de 2025, publicada no Di\u00e1rio Oficial da Uni\u00e3o. O Fundo Municipal [&hellip;]<\/p>\n","protected":false},"author":5,"featured_media":41471,"comment_status":"open","ping_status":"open","sticky":false,"template":"","format":"standard","meta":{"om_disable_all_campaigns":false,"_monsterinsights_skip_tracking":false,"_monsterinsights_sitenote_active":false,"_monsterinsights_sitenote_note":"","_monsterinsights_sitenote_category":0,"footnotes":""},"categories":[30,266,193,44,48],"tags":[],"aioseo_notices":[],"_links":{"self":[{"href":"https:\/\/expressaoms.com.br\/index.php\/wp-json\/wp\/v2\/posts\/41470"}],"collection":[{"href":"https:\/\/expressaoms.com.br\/index.php\/wp-json\/wp\/v2\/posts"}],"about":[{"href":"https:\/\/expressaoms.com.br\/index.php\/wp-json\/wp\/v2\/types\/post"}],"author":[{"embeddable":true,"href":"https:\/\/expressaoms.com.br\/index.php\/wp-json\/wp\/v2\/users\/5"}],"replies":[{"embeddable":true,"href":"https:\/\/expressaoms.com.br\/index.php\/wp-json\/wp\/v2\/comments?post=41470"}],"version-history":[{"count":1,"href":"https:\/\/expressaoms.com.br\/index.php\/wp-json\/wp\/v2\/posts\/41470\/revisions"}],"predecessor-version":[{"id":41472,"href":"https:\/\/expressaoms.com.br\/index.php\/wp-json\/wp\/v2\/posts\/41470\/revisions\/41472"}],"wp:featuredmedia":[{"embeddable":true,"href":"https:\/\/expressaoms.com.br\/index.php\/wp-json\/wp\/v2\/media\/41471"}],"wp:attachment":[{"href":"https:\/\/expressaoms.com.br\/index.php\/wp-json\/wp\/v2\/media?parent=41470"}],"wp:term":[{"taxonomy":"category","embeddable":true,"href":"https:\/\/expressaoms.com.br\/index.php\/wp-json\/wp\/v2\/categories?post=41470"},{"taxonomy":"post_tag","embeddable":true,"href":"https:\/\/expressaoms.com.br\/index.php\/wp-json\/wp\/v2\/tags?post=41470"}],"curies":[{"name":"wp","href":"https:\/\/api.w.org\/{rel}","templated":true}]}}