{"id":41473,"date":"2025-12-05T15:08:11","date_gmt":"2025-12-05T19:08:11","guid":{"rendered":"https:\/\/expressaoms.com.br\/?p=41473"},"modified":"2025-12-05T15:08:11","modified_gmt":"2025-12-05T19:08:11","slug":"vacinacao-contra-vsr-para-gestantes-comeca-na-proxima-segunda-feira-08-em-todas-as-unidades-de-saude-de-tres-lagoas","status":"publish","type":"post","link":"https:\/\/expressaoms.com.br\/index.php\/2025\/12\/05\/vacinacao-contra-vsr-para-gestantes-comeca-na-proxima-segunda-feira-08-em-todas-as-unidades-de-saude-de-tres-lagoas\/","title":{"rendered":"Vacina\u00e7\u00e3o contra VSR para gestantes come\u00e7a na pr\u00f3xima segunda-feira (08) em todas as unidades de sa\u00fade de Tr\u00eas Lagoas"},"content":{"rendered":"<p>A Secretaria Municipal de Sa\u00fade (SMS) anunciou que as doses da vacina contra o V\u00edrus Sincicial Respirat\u00f3rio (VSR) j\u00e1 chegaram ao munic\u00edpio e que a vacina\u00e7\u00e3o ter\u00e1 in\u00edcio na pr\u00f3xima segunda-feira, 08 de dezembro, em todas as unidades de sa\u00fade. O imunizante \u00e9 destinado exclusivamente \u00e0s gestantes a partir da 28\u00aa semana de gesta\u00e7\u00e3o, conforme orienta\u00e7\u00e3o do Minist\u00e9rio da Sa\u00fade.<\/p>\n<p>O VSR \u00e9 um dos principais respons\u00e1veis por infec\u00e7\u00f5es respirat\u00f3rias graves em beb\u00eas, especialmente nos primeiros seis meses de vida. A vacina\u00e7\u00e3o materna tem como objetivo proteger tanto a gestante quanto o rec\u00e9m-nascido, reduzindo o risco de bronquiolite, pneumonia e hospitaliza\u00e7\u00f5es.<\/p>\n<p>De acordo com a SMS, a vacina ser\u00e1 aplicada em dose \u00fanica e estar\u00e1 dispon\u00edvel em todas as Unidades B\u00e1sicas de Sa\u00fade (UBS) durante o hor\u00e1rio de atendimento normal. Para receber o imunizante, a gestante deve apresentar documento de identifica\u00e7\u00e3o, cart\u00e3o de pr\u00e9-natal e comprovante de resid\u00eancia.<\/p>\n<p>A coordenadora de Imuniza\u00e7\u00e3o, Humberta Azambuja, refor\u00e7a que a chegada da vacina representa \u201cum importante avan\u00e7o na prote\u00e7\u00e3o dos beb\u00eas, especialmente neste per\u00edodo de maior circula\u00e7\u00e3o do v\u00edrus\u201d. Ela destaca ainda que a ades\u00e3o das gestantes \u00e9 fundamental para garantir o impacto esperado na redu\u00e7\u00e3o de casos graves.<\/p>\n<p>A prefeitura orienta que as gestantes mantenham o pr\u00e9-natal em dia e procurem a unidade de sa\u00fade mais pr\u00f3xima para receber a vacina j\u00e1 na primeira semana da campanha.<\/p>\n","protected":false},"excerpt":{"rendered":"<p>A Secretaria Municipal de Sa\u00fade (SMS) anunciou que as doses da vacina contra o V\u00edrus Sincicial Respirat\u00f3rio (VSR) j\u00e1 chegaram ao munic\u00edpio e que a vacina\u00e7\u00e3o ter\u00e1 in\u00edcio na pr\u00f3xima segunda-feira, 08 de dezembro, em todas as unidades de sa\u00fade. O imunizante \u00e9 destinado exclusivamente \u00e0s gestantes a partir da 28\u00aa semana de gesta\u00e7\u00e3o, conforme [&hellip;]<\/p>\n","protected":false},"author":5,"featured_media":41474,"comment_status":"open","ping_status":"open","sticky":false,"template":"","format":"standard","meta":{"om_disable_all_campaigns":false,"_monsterinsights_skip_tracking":false,"_monsterinsights_sitenote_active":false,"_monsterinsights_sitenote_note":"","_monsterinsights_sitenote_category":0,"footnotes":""},"categories":[30,36,266,193,48],"tags":[],"aioseo_notices":[],"_links":{"self":[{"href":"https:\/\/expressaoms.com.br\/index.php\/wp-json\/wp\/v2\/posts\/41473"}],"collection":[{"href":"https:\/\/expressaoms.com.br\/index.php\/wp-json\/wp\/v2\/posts"}],"about":[{"href":"https:\/\/expressaoms.com.br\/index.php\/wp-json\/wp\/v2\/types\/post"}],"author":[{"embeddable":true,"href":"https:\/\/expressaoms.com.br\/index.php\/wp-json\/wp\/v2\/users\/5"}],"replies":[{"embeddable":true,"href":"https:\/\/expressaoms.com.br\/index.php\/wp-json\/wp\/v2\/comments?post=41473"}],"version-history":[{"count":1,"href":"https:\/\/expressaoms.com.br\/index.php\/wp-json\/wp\/v2\/posts\/41473\/revisions"}],"predecessor-version":[{"id":41475,"href":"https:\/\/expressaoms.com.br\/index.php\/wp-json\/wp\/v2\/posts\/41473\/revisions\/41475"}],"wp:featuredmedia":[{"embeddable":true,"href":"https:\/\/expressaoms.com.br\/index.php\/wp-json\/wp\/v2\/media\/41474"}],"wp:attachment":[{"href":"https:\/\/expressaoms.com.br\/index.php\/wp-json\/wp\/v2\/media?parent=41473"}],"wp:term":[{"taxonomy":"category","embeddable":true,"href":"https:\/\/expressaoms.com.br\/index.php\/wp-json\/wp\/v2\/categories?post=41473"},{"taxonomy":"post_tag","embeddable":true,"href":"https:\/\/expressaoms.com.br\/index.php\/wp-json\/wp\/v2\/tags?post=41473"}],"curies":[{"name":"wp","href":"https:\/\/api.w.org\/{rel}","templated":true}]}}