{"id":41482,"date":"2025-12-05T17:02:25","date_gmt":"2025-12-05T21:02:25","guid":{"rendered":"https:\/\/expressaoms.com.br\/?p=41482"},"modified":"2025-12-05T15:52:34","modified_gmt":"2025-12-05T19:52:34","slug":"paroquia-santo-antonio-recebe-doacao-de-pia-batismal","status":"publish","type":"post","link":"https:\/\/expressaoms.com.br\/index.php\/2025\/12\/05\/paroquia-santo-antonio-recebe-doacao-de-pia-batismal\/","title":{"rendered":"Par\u00f3quia Santo Ant\u00f4nio recebe doa\u00e7\u00e3o de pia batismal"},"content":{"rendered":"<p>Na tarde desta sexta-feira, 5 de dezembro, a Par\u00f3quia Santo Ant\u00f4nio celebrou uma importante conquista: a doa\u00e7\u00e3o de uma pia batismal. O momento, marcado por alegria e comunh\u00e3o, contou com a participa\u00e7\u00e3o dos fi\u00e9is e da vice-prefeita Vera Helena, que prestigiou a cerim\u00f4nia junto com o diretor de Cultura, St\u00eanio Congro Neto.<\/p>\n<p>A pia batismal \u00e9 o recipiente onde se guarda a \u00e1gua benta utilizada no sacramento do batismo, momento em que a pessoa, geralmente beb\u00eas, recebe \u00e1gua na cabe\u00e7a, simbolizando purifica\u00e7\u00e3o, renascimento espiritual e a entrada na comunidade crist\u00e3. A pe\u00e7a pertencia a Elza Arantes, integrante de uma das fam\u00edlias mais tradicionais de Tr\u00eas Lagoas. Com o desejo de dar um novo destino ao objeto, Elza, com o apoio e interm\u00e9dio da Prefeitura, presenteou a par\u00f3quia Santo Ant\u00f4nio.<\/p>\n<p>A pia, totalmente em madeira r\u00fastica entalhada \u00e0 m\u00e3o, tornou-se um objeto de grande valor para a par\u00f3quia. Para o Padre Rog\u00e9rio, a doa\u00e7\u00e3o representa uma grande alegria, j\u00e1 que \u00e9 um item indispens\u00e1vel para a igreja. \u201cAgora, com a pia batismal, vamos continuar com a alegria de acolher tantos fi\u00e9is para o sacramento do batismo\u201d, destacou. Ele tamb\u00e9m agradeceu o interm\u00e9dio da Prefeitura e toda a colabora\u00e7\u00e3o recebida.<\/p>\n<p>O diretor de Cultura, St\u00eanio Congro Neto, ressaltou a import\u00e2ncia do gesto e afirmou: \u201cA partir de agora, a pia batismal entra para a hist\u00f3ria da Par\u00f3quia Santo Ant\u00f4nio, promovendo os batismos dos futuros tr\u00eas-lagoenses\u201d.<\/p>\n<p>Com a entrega da pia batismal, a Par\u00f3quia Santo Ant\u00f4nio reafirma seu compromisso com a comunidade e com as tradi\u00e7\u00f5es religiosas. O gesto fortalece ainda mais a uni\u00e3o entre fi\u00e9is, poder p\u00fablico e sociedade, marcando um novo cap\u00edtulo na hist\u00f3ria da igreja.<\/p>\n","protected":false},"excerpt":{"rendered":"<p>Na tarde desta sexta-feira, 5 de dezembro, a Par\u00f3quia Santo Ant\u00f4nio celebrou uma importante conquista: a doa\u00e7\u00e3o de uma pia batismal. O momento, marcado por alegria e comunh\u00e3o, contou com a participa\u00e7\u00e3o dos fi\u00e9is e da vice-prefeita Vera Helena, que prestigiou a cerim\u00f4nia junto com o diretor de Cultura, St\u00eanio Congro Neto. A pia batismal [&hellip;]<\/p>\n","protected":false},"author":5,"featured_media":41483,"comment_status":"open","ping_status":"open","sticky":false,"template":"","format":"standard","meta":{"om_disable_all_campaigns":false,"_monsterinsights_skip_tracking":false,"_monsterinsights_sitenote_active":false,"_monsterinsights_sitenote_note":"","_monsterinsights_sitenote_category":0,"footnotes":""},"categories":[30,266,193,48],"tags":[],"aioseo_notices":[],"_links":{"self":[{"href":"https:\/\/expressaoms.com.br\/index.php\/wp-json\/wp\/v2\/posts\/41482"}],"collection":[{"href":"https:\/\/expressaoms.com.br\/index.php\/wp-json\/wp\/v2\/posts"}],"about":[{"href":"https:\/\/expressaoms.com.br\/index.php\/wp-json\/wp\/v2\/types\/post"}],"author":[{"embeddable":true,"href":"https:\/\/expressaoms.com.br\/index.php\/wp-json\/wp\/v2\/users\/5"}],"replies":[{"embeddable":true,"href":"https:\/\/expressaoms.com.br\/index.php\/wp-json\/wp\/v2\/comments?post=41482"}],"version-history":[{"count":1,"href":"https:\/\/expressaoms.com.br\/index.php\/wp-json\/wp\/v2\/posts\/41482\/revisions"}],"predecessor-version":[{"id":41484,"href":"https:\/\/expressaoms.com.br\/index.php\/wp-json\/wp\/v2\/posts\/41482\/revisions\/41484"}],"wp:featuredmedia":[{"embeddable":true,"href":"https:\/\/expressaoms.com.br\/index.php\/wp-json\/wp\/v2\/media\/41483"}],"wp:attachment":[{"href":"https:\/\/expressaoms.com.br\/index.php\/wp-json\/wp\/v2\/media?parent=41482"}],"wp:term":[{"taxonomy":"category","embeddable":true,"href":"https:\/\/expressaoms.com.br\/index.php\/wp-json\/wp\/v2\/categories?post=41482"},{"taxonomy":"post_tag","embeddable":true,"href":"https:\/\/expressaoms.com.br\/index.php\/wp-json\/wp\/v2\/tags?post=41482"}],"curies":[{"name":"wp","href":"https:\/\/api.w.org\/{rel}","templated":true}]}}