{"id":41596,"date":"2025-12-10T09:18:09","date_gmt":"2025-12-10T13:18:09","guid":{"rendered":"https:\/\/expressaoms.com.br\/?p=41596"},"modified":"2025-12-10T09:19:44","modified_gmt":"2025-12-10T13:19:44","slug":"em-entrevista-exclusiva-arauco-e-senai-detalham-formacao-de-mao-de-obra-para-gigante-da-celulose-em-ms","status":"publish","type":"post","link":"https:\/\/expressaoms.com.br\/index.php\/2025\/12\/10\/em-entrevista-exclusiva-arauco-e-senai-detalham-formacao-de-mao-de-obra-para-gigante-da-celulose-em-ms\/","title":{"rendered":"Em entrevista exclusiva, Arauco e Senai detalham forma\u00e7\u00e3o de m\u00e3o de obra para gigante da celulose em MS"},"content":{"rendered":"<p class=\"ds-markdown-paragraph\"><strong><em>Em entrevista exclusiva ao Express\u00e3o MS, representantes da Arauco e do Senai detalham como os cursos de eletrot\u00e9cnica, automa\u00e7\u00e3o e mec\u00e2nica v\u00e3o preparar a m\u00e3o de obra qualificada para um dos maiores investimentos industriais do estado.<\/em><\/strong><\/p>\n<p>&nbsp;<\/p>\n<p class=\"ds-markdown-paragraph\">A noite desta ter\u00e7a-feira (9) foi de expectativa e novos horizontes para 160 estudantes do Mato Grosso do Sul. No Senai de Tr\u00eas Lagoas, foi realizada a aula inaugural dos cursos do Projeto Sucuri\u00fa, iniciativa estrat\u00e9gica da empresa chilena\u00a0Arauco\u00a0em parceria com o\u00a0Senai\u00a0para formar a m\u00e3o de obra que atuar\u00e1 na futura f\u00e1brica de celulose de Inoc\u00eancia.<\/p>\n<p class=\"ds-markdown-paragraph\">A cerim\u00f4nia, iniciada com a execu\u00e7\u00e3o do Hino Nacional, reuniu alunos, autoridades e representantes das institui\u00e7\u00f5es. Em entrevista exclusiva ao\u00a0<strong>Express\u00e3o MS<\/strong>,\u00a0Marcelo Biscaro, Gerente Executivo de Manuten\u00e7\u00e3o Industrial da Arauco, e\u00a0Rodrigo Bastos de Melo, Gerente de Gest\u00e3o e Neg\u00f3cios do Senai Tr\u00eas Lagoas, destacaram a relev\u00e2ncia e o impacto da iniciativa.<\/p>\n<blockquote>\n<p class=\"ds-markdown-paragraph\">&#8220;O Projeto Sucuri\u00fa tem como prop\u00f3sito oferecer qualifica\u00e7\u00e3o de alto n\u00edvel e gerar um impacto positivo e duradouro no desenvolvimento econ\u00f4mico da regi\u00e3o&#8221;, afirmou\u00a0Marcelo Biscaro.<\/p>\n<\/blockquote>\n<p class=\"ds-markdown-paragraph\">Ele refor\u00e7ou que os cursos foram minuciosamente planejados para atender \u00e0s demandas espec\u00edficas da nova unidade industrial, que demandar\u00e1 profissionais altamente especializados.<\/p>\n<p class=\"ds-markdown-paragraph\">Rodrigo Bastos\u00a0ecoou a import\u00e2ncia da parceria.<\/p>\n<blockquote>\n<p class=\"ds-markdown-paragraph\">&#8220;Este momento abre portas para novas oportunidades profissionais. Estamos preparando pessoas para atuar em uma ind\u00fastria de ponta, com tecnologia de \u00faltima gera\u00e7\u00e3o. \u00c9 mais do que um curso; \u00e9 a constru\u00e7\u00e3o da base t\u00e9cnica que sustentar\u00e1 essa grande opera\u00e7\u00e3o&#8221;, disse o gerente do Senai.<\/p>\n<\/blockquote>\n<p class=\"ds-markdown-paragraph\">Os 160 alunos selecionados est\u00e3o distribu\u00eddos entre os cursos de\u00a0Eletrot\u00e9cnica, Automa\u00e7\u00e3o e Mec\u00e2nica, capacita\u00e7\u00f5es consideradas essenciais para o setor. O curr\u00edculo foi desenvolvido em sintonia com as compet\u00eancias exigidas pela Arauco, garantindo que os formandos estejam prontos para os desafios da manuten\u00e7\u00e3o e opera\u00e7\u00e3o da f\u00e1brica.<\/p>\n<p class=\"ds-markdown-paragraph\">&#8220;Para muitos desses jovens, este \u00e9 o primeiro passo em uma carreira promissora no setor industrial, que vive um ciclo vigoroso de expans\u00e3o no nosso estado&#8221;, complementou Biscaro.<\/p>\n<p><img fetchpriority=\"high\" decoding=\"async\" class=\"size-medium wp-image-41597 alignleft\" src=\"https:\/\/expressaoms.com.br\/wp-content\/uploads\/2025\/12\/ChatGPT-Image-10-de-dez.-de-2025-10_11_57-200x300.png\" alt=\"\" width=\"200\" height=\"300\" srcset=\"https:\/\/expressaoms.com.br\/wp-content\/uploads\/2025\/12\/ChatGPT-Image-10-de-dez.-de-2025-10_11_57-200x300.png 200w, https:\/\/expressaoms.com.br\/wp-content\/uploads\/2025\/12\/ChatGPT-Image-10-de-dez.-de-2025-10_11_57-683x1024.png 683w, https:\/\/expressaoms.com.br\/wp-content\/uploads\/2025\/12\/ChatGPT-Image-10-de-dez.-de-2025-10_11_57-768x1152.png 768w, https:\/\/expressaoms.com.br\/wp-content\/uploads\/2025\/12\/ChatGPT-Image-10-de-dez.-de-2025-10_11_57-600x900.png 600w, https:\/\/expressaoms.com.br\/wp-content\/uploads\/2025\/12\/ChatGPT-Image-10-de-dez.-de-2025-10_11_57.png 1024w\" sizes=\"(max-width: 200px) 100vw, 200px\" \/><\/p>\n<p class=\"ds-markdown-paragraph\">A programa\u00e7\u00e3o da noite contou ainda com uma palestra motivacional ministrada por\u00a0Nivaldo Silveira, representante da\u00a0WEG, sob o tema \u201cSeu crescimento no vale da celulose\u201d. A apresenta\u00e7\u00e3o buscou inspirar os alunos, trazendo reflex\u00f5es sobre carreira, prop\u00f3sito e as vastas oportunidades que se abrem no chamado &#8220;vale da celulose&#8221; sul-mato-grossense.<\/p>\n<h2><strong>O Gigante Chamado Projeto Sucuri\u00fa<\/strong><\/h2>\n<p class=\"ds-markdown-paragraph\">A aula inaugural em Tr\u00eas Lagoas \u00e9 um marco preparat\u00f3rio para um dos maiores empreendimentos em andamento no Brasil. O\u00a0Projeto Sucuri\u00fa\u00a0representa a entrada da divis\u00e3o de celulose da Arauco no pa\u00eds, com um investimento de\u00a0US$ 4,6 bilh\u00f5es.<\/p>\n<p class=\"ds-markdown-paragraph\">A f\u00e1brica, localizada a cerca de 50 km do centro de Inoc\u00eancia, ter\u00e1 capacidade para produzir\u00a03,5 milh\u00f5es de toneladas de celulose de fibra curta por ano\u00a0e est\u00e1 prevista para entrar em opera\u00e7\u00e3o no final de\u00a02027. Atualmente, a terraplanagem do terreno j\u00e1 est\u00e1 em andamento.<\/p>\n<p class=\"ds-markdown-paragraph\">O impacto econ\u00f4mico ser\u00e1 monumental: s\u00e3o esperadas\u00a0mais de 14 mil oportunidades de trabalho durante a fase de obras\u00a0e a gera\u00e7\u00e3o de aproximadamente\u00a06 mil empregos diretos e indiretos permanentes\u00a0ap\u00f3s o in\u00edcio das opera\u00e7\u00f5es, nas \u00e1reas Industrial, Florestal e de Log\u00edstica.<\/p>\n","protected":false},"excerpt":{"rendered":"<p>Em entrevista exclusiva ao Express\u00e3o MS, representantes da Arauco e do Senai detalham como os cursos de eletrot\u00e9cnica, automa\u00e7\u00e3o e mec\u00e2nica v\u00e3o preparar a m\u00e3o de obra qualificada para um dos maiores investimentos industriais do estado. &nbsp; A noite desta ter\u00e7a-feira (9) foi de expectativa e novos horizontes para 160 estudantes do Mato Grosso do [&hellip;]<\/p>\n","protected":false},"author":5,"featured_media":41600,"comment_status":"open","ping_status":"open","sticky":false,"template":"","format":"standard","meta":{"om_disable_all_campaigns":true,"_monsterinsights_skip_tracking":false,"_monsterinsights_sitenote_active":false,"_monsterinsights_sitenote_note":"","_monsterinsights_sitenote_category":0,"footnotes":""},"categories":[30,193,48],"tags":[],"aioseo_notices":[],"_links":{"self":[{"href":"https:\/\/expressaoms.com.br\/index.php\/wp-json\/wp\/v2\/posts\/41596"}],"collection":[{"href":"https:\/\/expressaoms.com.br\/index.php\/wp-json\/wp\/v2\/posts"}],"about":[{"href":"https:\/\/expressaoms.com.br\/index.php\/wp-json\/wp\/v2\/types\/post"}],"author":[{"embeddable":true,"href":"https:\/\/expressaoms.com.br\/index.php\/wp-json\/wp\/v2\/users\/5"}],"replies":[{"embeddable":true,"href":"https:\/\/expressaoms.com.br\/index.php\/wp-json\/wp\/v2\/comments?post=41596"}],"version-history":[{"count":1,"href":"https:\/\/expressaoms.com.br\/index.php\/wp-json\/wp\/v2\/posts\/41596\/revisions"}],"predecessor-version":[{"id":41599,"href":"https:\/\/expressaoms.com.br\/index.php\/wp-json\/wp\/v2\/posts\/41596\/revisions\/41599"}],"wp:featuredmedia":[{"embeddable":true,"href":"https:\/\/expressaoms.com.br\/index.php\/wp-json\/wp\/v2\/media\/41600"}],"wp:attachment":[{"href":"https:\/\/expressaoms.com.br\/index.php\/wp-json\/wp\/v2\/media?parent=41596"}],"wp:term":[{"taxonomy":"category","embeddable":true,"href":"https:\/\/expressaoms.com.br\/index.php\/wp-json\/wp\/v2\/categories?post=41596"},{"taxonomy":"post_tag","embeddable":true,"href":"https:\/\/expressaoms.com.br\/index.php\/wp-json\/wp\/v2\/tags?post=41596"}],"curies":[{"name":"wp","href":"https:\/\/api.w.org\/{rel}","templated":true}]}}