{"id":41605,"date":"2025-12-10T10:01:41","date_gmt":"2025-12-10T14:01:41","guid":{"rendered":"https:\/\/expressaoms.com.br\/?p=41605"},"modified":"2025-12-10T10:01:41","modified_gmt":"2025-12-10T14:01:41","slug":"seminario-promovido-pela-camara-aponta-prioridades-e-investimentos-para-o-bem-estar-animal","status":"publish","type":"post","link":"https:\/\/expressaoms.com.br\/index.php\/2025\/12\/10\/seminario-promovido-pela-camara-aponta-prioridades-e-investimentos-para-o-bem-estar-animal\/","title":{"rendered":"Semin\u00e1rio promovido pela C\u00e2mara aponta prioridades e investimentos para o bem-estar animal"},"content":{"rendered":"<p><strong><em>Evento proposto pelo vereador Marco Silva reuniu autoridades, estudiosos e protetores; recurso de R$ 675 mil foi anunciado para 2026<\/em><\/strong><\/p>\n<p>&nbsp;<\/p>\n<p>Por propositura do vereador Marco Silva, a C\u00e2mara sediou o Semin\u00e1rio Municipal de Bem-Estar Animal, com o tema &#8220;Planejamento e a\u00e7\u00f5es do bem-estar animal para 2026, na noite desta ter\u00e7a-feira, 09 de dezembro. Ao final, foram anunciados recursos e a\u00e7\u00f5es para o pr\u00f3ximo ano.<\/p>\n<p>Abertura oficial contou com a participa\u00e7\u00e3o das seguintes autoridades: vereador Marco Silva (propositor\/presidente da Comiss\u00e3o de Defesa Bem-Estar de Direitos dos Animais, da C\u00e2mara de Vereadores); Ant\u00f4nio Carlos Garcia de Oliveira (Tot\u00f3), da 1\u00ba Promotoria de Justi\u00e7a de Tr\u00eas Lagoas \u2013 Meio Ambiente; tenente Lauro Santana, da 3\u00aa Companhia Independente da Pol\u00edcia Militar Ambiental (PMA); \u00a0Maria Fernanda Marques,\u00a0 diretora Departamento do Bem-Estar Animal (DEBEA), Larissa Linard, diretora de vigil\u00e2ncia e sa\u00fade, representando a Secretaria Municipal de Sa\u00fade, al\u00e9m de representantes de associa\u00e7\u00f5es e Ongs do munic\u00edpio, dos CCZs e da OAB.<\/p>\n<p>A apresenta\u00e7\u00e3o Cultural da noite ficou por conta de Lucas Gomes, do Departamento Municipal de Cultura, que fez a interpreta\u00e7\u00e3o do hino nacional e da m\u00fasica \u201cMeu Tributo\u201d.<\/p>\n<p>A programa\u00e7\u00e3o do evento incluiu quatro palestras com profissionais e ativistas da causa animal em Tr\u00eas Lagoas e em outros munic\u00edpios, de MS e SP, da seguinte forma:<\/p>\n<p><strong>Palestra 1: Controle Populacional e Sa\u00fade Animal<\/strong>, com o m\u00e9dico veterin\u00e1rio Dr. Christovam Bazan (Coordenador de campanhas de castra\u00e7\u00e3o, CCZ) abordar\u00e1 o tema \u201cCastra\u00e7\u00e3o Humanizada: T\u00e9cnica, \u00c9tica e Resultados para o Munic\u00edpio\u201d. Ele falou sobre t\u00f3picos como: Prote\u00e7\u00e3o Animal e Sa\u00fade P\u00fablica (CCZ e zoonoses: mitos e verdades); Sa\u00fade Animal e Controle Populacional \u00c9tico e Indicadores, al\u00e9m de dados sobre o Castrom\u00e1vel, a imuniza\u00e7\u00e3o de c\u00e3es e gatos e notifica\u00e7\u00f5es com animais pe\u00e7onhentos, como escorpi\u00e3o.<\/p>\n<p><strong>Palestra 2: Manejo, Acolhimento e Abrigos<\/strong>, com o vereador\/secret\u00e1rio municipal do Bem-Estar Animal em Votuporanga (SP), Leonardo Da Silva Brigag\u00e3o \u2013 Chandely Protetor. O tema \u00e9 \u201cDa Rua ao Lar: Caminhos Para Ado\u00e7\u00f5es Seguras e Conscientes\u201d. Ele falou sobre t\u00f3picos como: o papel das ONGs e protetores independentes; Ado\u00e7\u00e3o Respons\u00e1vel e Conviv\u00eancia Urbana, a quest\u00e3o dos Acumuladores; e Protocolos\/Procedimentos (resgate, acolhimento, laudo veterin\u00e1rio e encaminhamento legal). Os respons\u00e1veis s\u00e3o o vereador\/secret\u00e1rio Municipal do Bem-Estar Animal e Representantes de ONGs e Protetores.<\/p>\n<p><strong>Palestra 3: Pol\u00edticas P\u00fablicas e Prote\u00e7\u00e3o Animal, <\/strong>com o m\u00e9dico veterin\u00e1rio\/superintendente SUBEA, Dr. Edvaldo S. Salles (Campo Grande\/MS), que falou sobre: \u201cProte\u00e7\u00e3o Animal como Responsabilidade P\u00fablica: Caminhos e Avan\u00e7os Poss\u00edveis\u201d. Os t\u00f3picos inclu\u00edram: Bem-Estar Animal no Brasil (Os Cinco Dom\u00ednios e as Cinco Liberdades), Atendimento Emergencial, Cl\u00ednicas Credenciadas, Banco de ra\u00e7\u00e3o, cadastro e cotas de castra\u00e7\u00e3o e den\u00fancias; servi\u00e7os dispon\u00edveis, na capital do estado.<\/p>\n<p><strong>Palestra 4<\/strong>: A coordenadora do Departamento Municipal de Bem-Estar Animal, <strong>Maria Fernanda Marques <\/strong>apresentou o <strong>Plano de Trabalho da atual gest\u00e3o<\/strong><strong>, detalhando Planejamento, Perspectivas, Or\u00e7amento, Metas, indicadores e cronograma de a\u00e7\u00f5es<\/strong>. Ela informou sobre legisla\u00e7\u00f5es, atua\u00e7\u00f5es do Departamento e o contexto atual da causa animal, em Tr\u00eas Lagoas, citando o Programa TL Vida Animal, que ter\u00e1 a\u00e7\u00f5es no per\u00edodo 2026-2028, com um or\u00e7amento inicial previsto de aproximadamente R$ 675 mil e pediu apoio das ONGs, para viabilizar dados e avan\u00e7ar nas pol\u00edticas p\u00fablicas em prol da causa animal.<\/p>\n<p>O encerramento ocorreu com o pronunciamento final do vereador Marco Silva. Ele destacou e agradeceu a presen\u00e7a de representantes da administra\u00e7\u00e3o p\u00fablica, do Minist\u00e9rio P\u00fablico, da PMA (Pol\u00edcia Militar Ambiental) e afirmou que, por serem pol\u00edticas recentes, no cen\u00e1rio nacional, as a\u00e7\u00f5es voltadas \u00e0 causa animal ainda passam por experimenta\u00e7\u00e3o: \u201cTudo que \u00e9 feito pela primeira vez pode ter erros\u201d, citou.<\/p>\n<p>O vereador ainda lembrou que in\u00fameros abrigos surgiram nos \u00faltimos dez anos e que somente agora \u00e9 poss\u00edvel extrair li\u00e7\u00f5es e resultados concretos. Segundo ele, embora seja essencial garantir que animais n\u00e3o permane\u00e7am nas ruas, tamb\u00e9m \u00e9 preciso reconhecer que determinados modelos acabam incentivando abandonos, pr\u00e1tica que ainda ocorre com frequ\u00eancia.<\/p>\n<p>Neste sentido, o vereador ainda ressaltou que Tr\u00eas Lagoas possui caracter\u00edsticas pr\u00f3prias: trata-se de uma cidade de turismo de neg\u00f3cios, que recebe moradores tempor\u00e1rios \u2014 pessoas que permanecem tr\u00eas ou quatro meses na cidade, muitas vezes v\u00eam com filhos pequenos, adotam animais e, ao irem embora, \u201clevam m\u00f3veis, levam tudo, menos o cachorro\u201d.<\/p>\n<p>O vereador aproveitou ainda para informar que a C\u00e2mara j\u00e1 aprovou a LDO e destinou or\u00e7amento para o Bem-Estar Animal, refor\u00e7ando que a causa n\u00e3o \u00e9 apenas animal, mas tamb\u00e9m de sa\u00fade p\u00fablica e de impacto emocional. E ainda anunciou R$ 100 mil, em emenda, da senadora Tereza Cristina, articulada com apoio da primeira-dama Kelly Abor\u00edzio, destinada ao banco de ra\u00e7\u00e3o para o pr\u00f3ximo ano. \u201cAjudem a ajudar voc\u00eas. Esse cadastro \u00e9 essencial para que possamos justificar novos investimentos\u201d, frisou ao p\u00fablico formado em sua maioria por protetores e ativistas.<\/p>\n<p>Por fim, Marco Silva agradeceu tamb\u00e9m ao Minist\u00e9rio P\u00fablico, representado pelo promotor, pelo trabalho cont\u00ednuo e que, com a cria\u00e7\u00e3o do departamento da causa animal, tamb\u00e9m poder\u00e1 destinar valores de multas ambientais ao setor, o que fortalece ainda mais a causa.<\/p>\n<p>&nbsp;<\/p>\n","protected":false},"excerpt":{"rendered":"<p>Evento proposto pelo vereador Marco Silva reuniu autoridades, estudiosos e protetores; recurso de R$ 675 mil foi anunciado para 2026 &nbsp; Por propositura do vereador Marco Silva, a C\u00e2mara sediou o Semin\u00e1rio Municipal de Bem-Estar Animal, com o tema &#8220;Planejamento e a\u00e7\u00f5es do bem-estar animal para 2026, na noite desta ter\u00e7a-feira, 09 de dezembro. Ao [&hellip;]<\/p>\n","protected":false},"author":5,"featured_media":41606,"comment_status":"open","ping_status":"open","sticky":false,"template":"","format":"standard","meta":{"om_disable_all_campaigns":false,"_monsterinsights_skip_tracking":false,"_monsterinsights_sitenote_active":false,"_monsterinsights_sitenote_note":"","_monsterinsights_sitenote_category":0,"footnotes":""},"categories":[30,266,42,193,48],"tags":[],"aioseo_notices":[],"_links":{"self":[{"href":"https:\/\/expressaoms.com.br\/index.php\/wp-json\/wp\/v2\/posts\/41605"}],"collection":[{"href":"https:\/\/expressaoms.com.br\/index.php\/wp-json\/wp\/v2\/posts"}],"about":[{"href":"https:\/\/expressaoms.com.br\/index.php\/wp-json\/wp\/v2\/types\/post"}],"author":[{"embeddable":true,"href":"https:\/\/expressaoms.com.br\/index.php\/wp-json\/wp\/v2\/users\/5"}],"replies":[{"embeddable":true,"href":"https:\/\/expressaoms.com.br\/index.php\/wp-json\/wp\/v2\/comments?post=41605"}],"version-history":[{"count":1,"href":"https:\/\/expressaoms.com.br\/index.php\/wp-json\/wp\/v2\/posts\/41605\/revisions"}],"predecessor-version":[{"id":41607,"href":"https:\/\/expressaoms.com.br\/index.php\/wp-json\/wp\/v2\/posts\/41605\/revisions\/41607"}],"wp:featuredmedia":[{"embeddable":true,"href":"https:\/\/expressaoms.com.br\/index.php\/wp-json\/wp\/v2\/media\/41606"}],"wp:attachment":[{"href":"https:\/\/expressaoms.com.br\/index.php\/wp-json\/wp\/v2\/media?parent=41605"}],"wp:term":[{"taxonomy":"category","embeddable":true,"href":"https:\/\/expressaoms.com.br\/index.php\/wp-json\/wp\/v2\/categories?post=41605"},{"taxonomy":"post_tag","embeddable":true,"href":"https:\/\/expressaoms.com.br\/index.php\/wp-json\/wp\/v2\/tags?post=41605"}],"curies":[{"name":"wp","href":"https:\/\/api.w.org\/{rel}","templated":true}]}}