{"id":41611,"date":"2025-12-10T10:13:27","date_gmt":"2025-12-10T14:13:27","guid":{"rendered":"https:\/\/expressaoms.com.br\/?p=41611"},"modified":"2025-12-10T10:13:27","modified_gmt":"2025-12-10T14:13:27","slug":"emenda-de-paulo-correa-garante-projeto-bombeiros-do-amanha-em-aparecida-do-taboado","status":"publish","type":"post","link":"https:\/\/expressaoms.com.br\/index.php\/2025\/12\/10\/emenda-de-paulo-correa-garante-projeto-bombeiros-do-amanha-em-aparecida-do-taboado\/","title":{"rendered":"Emenda de Paulo Corr\u00eaa garante projeto Bombeiros do Amanh\u00e3 em Aparecida do Taboado"},"content":{"rendered":"<p>Atendendo a uma demanda antiga da popula\u00e7\u00e3o, o 1\u00ba secret\u00e1rio da Assembleia Legislativa, deputado Paulo Corr\u00eaa (PSDB), destinou R$ 100 mil em emenda parlamentar para viabilizar a implanta\u00e7\u00e3o do projeto Bombeiros do Amanh\u00e3 em Aparecida do Taboado.<\/p>\n<p>A iniciativa vai atender de 30 a 50 crian\u00e7as e adolescentes em situa\u00e7\u00e3o de vulnerabilidade social, com atividades no contraturno escolar. Segundo o parlamentar, o objetivo \u00e9 abrir novas perspectivas para os jovens.<\/p>\n<p>\u201cSabemos da import\u00e2ncia desse projeto para a cidade. Ele contribui para a forma\u00e7\u00e3o de cidad\u00e3os e fortalece a integra\u00e7\u00e3o com a comunidade\u201d, afirmou Corr\u00eaa.<\/p>\n<p>O recurso ser\u00e1 utilizado para ampliar as salas do quartel que receber\u00e3o os alunos. A articula\u00e7\u00e3o foi feita pela vereadora Cl\u00e1udia Padim, que destacou o impacto social da a\u00e7\u00e3o. \u201cQuero agradecer o deputado Paulo Corr\u00eaa por abra\u00e7ar essa causa e n\u00e3o medir esfor\u00e7os para que o projeto aconte\u00e7a. Vai beneficiar n\u00e3o apenas as crian\u00e7as, mas toda a comunidade\u201d, declarou.<\/p>\n<p>Com a implanta\u00e7\u00e3o do Bombeiros do Amanh\u00e3, Aparecida do Taboado passa a contar com uma ferramenta importante de inclus\u00e3o social, disciplina e cidadania, refor\u00e7ando o compromisso de Paulo Corr\u00eaa com projetos que transformam vidas. \u201c\u00c9 assim que fazemos a diferen\u00e7a: oferecendo oportunidades reais para quem mais precisa\u201d, finaliza Corr\u00eaa.<\/p>\n","protected":false},"excerpt":{"rendered":"<p>Atendendo a uma demanda antiga da popula\u00e7\u00e3o, o 1\u00ba secret\u00e1rio da Assembleia Legislativa, deputado Paulo Corr\u00eaa (PSDB), destinou R$ 100 mil em emenda parlamentar para viabilizar a implanta\u00e7\u00e3o do projeto Bombeiros do Amanh\u00e3 em Aparecida do Taboado. A iniciativa vai atender de 30 a 50 crian\u00e7as e adolescentes em situa\u00e7\u00e3o de vulnerabilidade social, com atividades [&hellip;]<\/p>\n","protected":false},"author":5,"featured_media":41612,"comment_status":"open","ping_status":"open","sticky":false,"template":"","format":"standard","meta":{"om_disable_all_campaigns":false,"_monsterinsights_skip_tracking":false,"_monsterinsights_sitenote_active":false,"_monsterinsights_sitenote_note":"","_monsterinsights_sitenote_category":0,"footnotes":""},"categories":[300,30,266,193],"tags":[],"aioseo_notices":[],"_links":{"self":[{"href":"https:\/\/expressaoms.com.br\/index.php\/wp-json\/wp\/v2\/posts\/41611"}],"collection":[{"href":"https:\/\/expressaoms.com.br\/index.php\/wp-json\/wp\/v2\/posts"}],"about":[{"href":"https:\/\/expressaoms.com.br\/index.php\/wp-json\/wp\/v2\/types\/post"}],"author":[{"embeddable":true,"href":"https:\/\/expressaoms.com.br\/index.php\/wp-json\/wp\/v2\/users\/5"}],"replies":[{"embeddable":true,"href":"https:\/\/expressaoms.com.br\/index.php\/wp-json\/wp\/v2\/comments?post=41611"}],"version-history":[{"count":1,"href":"https:\/\/expressaoms.com.br\/index.php\/wp-json\/wp\/v2\/posts\/41611\/revisions"}],"predecessor-version":[{"id":41613,"href":"https:\/\/expressaoms.com.br\/index.php\/wp-json\/wp\/v2\/posts\/41611\/revisions\/41613"}],"wp:featuredmedia":[{"embeddable":true,"href":"https:\/\/expressaoms.com.br\/index.php\/wp-json\/wp\/v2\/media\/41612"}],"wp:attachment":[{"href":"https:\/\/expressaoms.com.br\/index.php\/wp-json\/wp\/v2\/media?parent=41611"}],"wp:term":[{"taxonomy":"category","embeddable":true,"href":"https:\/\/expressaoms.com.br\/index.php\/wp-json\/wp\/v2\/categories?post=41611"},{"taxonomy":"post_tag","embeddable":true,"href":"https:\/\/expressaoms.com.br\/index.php\/wp-json\/wp\/v2\/tags?post=41611"}],"curies":[{"name":"wp","href":"https:\/\/api.w.org\/{rel}","templated":true}]}}