{"id":41631,"date":"2025-12-10T13:57:06","date_gmt":"2025-12-10T17:57:06","guid":{"rendered":"https:\/\/expressaoms.com.br\/?p=41631"},"modified":"2025-12-10T13:57:06","modified_gmt":"2025-12-10T17:57:06","slug":"refis-de-campo-grande-encerra-nesta-sexta-feira","status":"publish","type":"post","link":"https:\/\/expressaoms.com.br\/index.php\/2025\/12\/10\/refis-de-campo-grande-encerra-nesta-sexta-feira\/","title":{"rendered":"Refis de Campo Grande encerra nesta sexta-feira"},"content":{"rendered":"<p>O prazo para aderir ao Programa de Regulariza\u00e7\u00e3o Fiscal (Refis) da Prefeitura de Campo Grande termina nesta sexta-feira (12). Esta \u00e9 a \u00faltima oportunidade para contribuintes quitarem ou negociarem d\u00edvidas municipais e iniciarem 2026 sem pend\u00eancias financeiras que possam gerar restri\u00e7\u00f5es ou dificultar o acesso a cr\u00e9dito.<\/p>\n<p>O programa oferece descontos de at\u00e9 80% em juros e multas, facilitando a regulariza\u00e7\u00e3o de d\u00e9bitos para pessoas f\u00edsicas e jur\u00eddicas. Podem ser negociadas todas as d\u00edvidas geradas at\u00e9 10 de novembro de 2025, como IPTU, ISS, taxas de alvar\u00e1 e outros encargos municipais.<\/p>\n<p>Ficam fora do Refis apenas multas de tr\u00e2nsito, infra\u00e7\u00f5es ambientais, indeniza\u00e7\u00f5es e d\u00edvidas contratuais.<\/p>\n<p>Quem optar pelo pagamento \u00e0 vista garante o maior desconto dispon\u00edvel. Para quem preferir parcelar, o programa oferece entrada reduzida e condi\u00e7\u00f5es especiais, permitindo que a regulariza\u00e7\u00e3o caiba no or\u00e7amento sem comprometer as finan\u00e7as do pr\u00f3ximo ano.<\/p>\n<p>A Prefeitura destaca que o Refis \u00e9 uma forma de manter os contribuintes em dia e, ao mesmo tempo, refor\u00e7ar a arrecada\u00e7\u00e3o para investimentos em sa\u00fade, educa\u00e7\u00e3o e infraestrutura, garantindo que os recursos retornem em servi\u00e7os essenciais para a popula\u00e7\u00e3o.<\/p>\n<p><strong>Risco de protesto e nome negativado<\/strong><\/p>\n<p>Com as regras vigentes do Conselho Nacional de Justi\u00e7a (CNJ), d\u00e9bitos municipais devem ser protestados em cart\u00f3rio antes de serem encaminhados ao Judici\u00e1rio. Isso pode resultar em nome negativado, restri\u00e7\u00f5es e dificuldades para obter cr\u00e9dito \u2014 um cen\u00e1rio que o Refis busca evitar ao oferecer a chance de negocia\u00e7\u00e3o antes que o d\u00e9bito seja protestado.<\/p>\n","protected":false},"excerpt":{"rendered":"<p>O prazo para aderir ao Programa de Regulariza\u00e7\u00e3o Fiscal (Refis) da Prefeitura de Campo Grande termina nesta sexta-feira (12). Esta \u00e9 a \u00faltima oportunidade para contribuintes quitarem ou negociarem d\u00edvidas municipais e iniciarem 2026 sem pend\u00eancias financeiras que possam gerar restri\u00e7\u00f5es ou dificultar o acesso a cr\u00e9dito. O programa oferece descontos de at\u00e9 80% em [&hellip;]<\/p>\n","protected":false},"author":5,"featured_media":41632,"comment_status":"open","ping_status":"open","sticky":false,"template":"","format":"standard","meta":{"om_disable_all_campaigns":false,"_monsterinsights_skip_tracking":false,"_monsterinsights_sitenote_active":false,"_monsterinsights_sitenote_note":"","_monsterinsights_sitenote_category":0,"footnotes":""},"categories":[27,30,266,193],"tags":[],"aioseo_notices":[],"_links":{"self":[{"href":"https:\/\/expressaoms.com.br\/index.php\/wp-json\/wp\/v2\/posts\/41631"}],"collection":[{"href":"https:\/\/expressaoms.com.br\/index.php\/wp-json\/wp\/v2\/posts"}],"about":[{"href":"https:\/\/expressaoms.com.br\/index.php\/wp-json\/wp\/v2\/types\/post"}],"author":[{"embeddable":true,"href":"https:\/\/expressaoms.com.br\/index.php\/wp-json\/wp\/v2\/users\/5"}],"replies":[{"embeddable":true,"href":"https:\/\/expressaoms.com.br\/index.php\/wp-json\/wp\/v2\/comments?post=41631"}],"version-history":[{"count":1,"href":"https:\/\/expressaoms.com.br\/index.php\/wp-json\/wp\/v2\/posts\/41631\/revisions"}],"predecessor-version":[{"id":41633,"href":"https:\/\/expressaoms.com.br\/index.php\/wp-json\/wp\/v2\/posts\/41631\/revisions\/41633"}],"wp:featuredmedia":[{"embeddable":true,"href":"https:\/\/expressaoms.com.br\/index.php\/wp-json\/wp\/v2\/media\/41632"}],"wp:attachment":[{"href":"https:\/\/expressaoms.com.br\/index.php\/wp-json\/wp\/v2\/media?parent=41631"}],"wp:term":[{"taxonomy":"category","embeddable":true,"href":"https:\/\/expressaoms.com.br\/index.php\/wp-json\/wp\/v2\/categories?post=41631"},{"taxonomy":"post_tag","embeddable":true,"href":"https:\/\/expressaoms.com.br\/index.php\/wp-json\/wp\/v2\/tags?post=41631"}],"curies":[{"name":"wp","href":"https:\/\/api.w.org\/{rel}","templated":true}]}}