{"id":41661,"date":"2025-12-11T08:03:46","date_gmt":"2025-12-11T12:03:46","guid":{"rendered":"https:\/\/expressaoms.com.br\/?p=41661"},"modified":"2025-12-11T08:03:46","modified_gmt":"2025-12-11T12:03:46","slug":"salario-minimo-de-2026-sera-r-1-621-valor-abaixo-do-previsto-no-orcamento","status":"publish","type":"post","link":"https:\/\/expressaoms.com.br\/index.php\/2025\/12\/11\/salario-minimo-de-2026-sera-r-1-621-valor-abaixo-do-previsto-no-orcamento\/","title":{"rendered":"Sal\u00e1rio m\u00ednimo de 2026 ser\u00e1 R$ 1.621, valor abaixo do previsto no Or\u00e7amento"},"content":{"rendered":"<div class=\"ds-message _63c77b1\">\n<div class=\"ds-markdown\">\n<p class=\"ds-markdown-paragraph\"><em><strong>Valor representa aumento de 6,79% e entra em vigor em janeiro, com reflexo nos pagamentos a partir de fevereiro; teto fiscal limitou ganho real<\/strong><\/em><\/p>\n<p>&nbsp;<\/p>\n<p class=\"ds-markdown-paragraph\">O governo federal confirmou o novo valor do sal\u00e1rio m\u00ednimo para 2026:\u00a0R$ 1.621. O reajuste, que ser\u00e1 aplicado a partir de janeiro e refletido na folha de pagamento de fevereiro, representa um aumento de\u00a0R$ 103\u00a0(ou\u00a06,79%) em rela\u00e7\u00e3o ao piso atual de R$ 1.518. A defini\u00e7\u00e3o seguiu a regra legal de corre\u00e7\u00e3o, que combina a infla\u00e7\u00e3o do per\u00edodo com parte do crescimento econ\u00f4mico.<\/p>\n<p class=\"ds-markdown-paragraph\">O an\u00fancio foi feito ap\u00f3s a consolida\u00e7\u00e3o dos \u00edndices oficiais que comp\u00f5em a f\u00f3rmula do reajuste anual. Pela regra, o m\u00ednimo \u00e9 corrigido com base no \u00cdndice Nacional de Pre\u00e7os ao Consumidor (INPC) acumulado em 12 meses at\u00e9 novembro \u2013 que ficou em\u00a0<strong>4,18%<\/strong>\u00a0\u2013 e no crescimento do Produto Interno Bruto (PIB) de dois anos antes, que foi revisado para\u00a0<strong>3,4%<\/strong>\u00a0em 2024.<\/p>\n<p class=\"ds-markdown-paragraph\">No entanto, o ganho real (acima da infla\u00e7\u00e3o) n\u00e3o p\u00f4de incorporar integralmente o crescimento do PIB. O novo arcabou\u00e7o fiscal, que disciplina os gastos p\u00fablicos, estabelece que o aumento real do sal\u00e1rio m\u00ednimo deve ficar entre\u00a0<strong>0,6% e 2,5%<\/strong>. Dessa forma, a conta final respeitou esse limite legal, resultando no reajuste total de 6,79%.<\/p>\n<p class=\"ds-markdown-paragraph\">O valor oficialmente confirmado (R$ 1.621) ficou\u00a0abaixo da estimativa\u00a0que vinha sendo usada no planejamento das contas p\u00fablicas. O Projeto de Lei de Diretrizes Or\u00e7ament\u00e1rias (LDO) para 2026 trabalhava com uma proje\u00e7\u00e3o de piso de\u00a0R$ 1.627, o que representaria um reajuste de 7,18%. A diferen\u00e7a obrigar\u00e1 o governo a revisar as proje\u00e7\u00f5es de despesas indexadas ao m\u00ednimo, como benef\u00edcios previdenci\u00e1rios e assistenciais.<\/p>\n<p class=\"ds-markdown-paragraph\">A confirma\u00e7\u00e3o do novo piso consolida o valor de R$ 1.621 como base central para a remunera\u00e7\u00e3o de milh\u00f5es de trabalhadores formais e para o c\u00e1lculo de benef\u00edcios sociais no pr\u00f3ximo ano. A pol\u00edtica de valoriza\u00e7\u00e3o do m\u00ednimo, retomada pelo governo, segue agora as travas impostas pela legisla\u00e7\u00e3o fiscal.<\/p>\n<p class=\"ds-markdown-paragraph\">O rec\u00e1lculo das contas p\u00fablicas ser\u00e1 necess\u00e1rio para ajustar as despesas \u00e0 nova realidade, em um movimento que demonstra o tensionamento entre a pol\u00edtica social de valoriza\u00e7\u00e3o da renda b\u00e1sica e os limites estabelecidos pela disciplina fiscal. O novo sal\u00e1rio m\u00ednimo entra em vigor em 1\u00ba de janeiro de 2026, com seus efeitos financeiros sendo sentidos pela popula\u00e7\u00e3o a partir do pagamento de fevereiro.<\/p>\n<\/div>\n<\/div>\n<div class=\"ds-theme\"><\/div>\n<div class=\"ds-flex _0a3d93b\">\n<div class=\"ds-flex _965abe9\">\n<div class=\"db183363 ds-icon-button ds-icon-button--m ds-icon-button--sizing-container\" tabindex=\"0\" role=\"button\" aria-disabled=\"false\">\n<div class=\"ds-icon-button__hover-bg\"><\/div>\n<div class=\"ds-icon\"><\/div>\n<div class=\"ds-focus-ring\"><\/div>\n<\/div>\n<div class=\"db183363 ds-icon-button ds-icon-button--m ds-icon-button--sizing-container\" tabindex=\"0\" role=\"button\" aria-disabled=\"false\">\n<div class=\"ds-icon-button__hover-bg\"><\/div>\n<div class=\"ds-icon\"><\/div>\n<div class=\"ds-focus-ring\"><\/div>\n<\/div>\n<div class=\"db183363 ds-icon-button ds-icon-button--m ds-icon-button--sizing-container\" tabindex=\"0\" role=\"button\" aria-disabled=\"false\">\n<div class=\"ds-icon-button__hover-bg\"><\/div>\n<div class=\"ds-icon\"><\/div>\n<div class=\"ds-focus-ring\"><\/div>\n<\/div>\n<div class=\"db183363 ds-icon-button ds-icon-button--m ds-icon-button--sizing-container\" tabindex=\"0\" role=\"button\" aria-disabled=\"false\">\n<div class=\"ds-icon-button__hover-bg\"><\/div>\n<div class=\"ds-icon\"><\/div>\n<div class=\"ds-focus-ring\"><\/div>\n<\/div>\n<div class=\"db183363 ds-icon-button ds-icon-button--m ds-icon-button--sizing-container\" tabindex=\"0\" role=\"button\" aria-disabled=\"false\">\n<div class=\"ds-icon-button__hover-bg\"><\/div>\n<div class=\"ds-icon\"><\/div>\n<\/div>\n<\/div>\n<\/div>\n","protected":false},"excerpt":{"rendered":"<p>Valor representa aumento de 6,79% e entra em vigor em janeiro, com reflexo nos pagamentos a partir de fevereiro; teto fiscal limitou ganho real &nbsp; O governo federal confirmou o novo valor do sal\u00e1rio m\u00ednimo para 2026:\u00a0R$ 1.621. O reajuste, que ser\u00e1 aplicado a partir de janeiro e refletido na folha de pagamento de fevereiro, [&hellip;]<\/p>\n","protected":false},"author":5,"featured_media":41662,"comment_status":"open","ping_status":"open","sticky":false,"template":"","format":"standard","meta":{"om_disable_all_campaigns":false,"_monsterinsights_skip_tracking":false,"_monsterinsights_sitenote_active":false,"_monsterinsights_sitenote_note":"","_monsterinsights_sitenote_category":0,"footnotes":""},"categories":[246,30,36,266,193],"tags":[],"aioseo_notices":[],"_links":{"self":[{"href":"https:\/\/expressaoms.com.br\/index.php\/wp-json\/wp\/v2\/posts\/41661"}],"collection":[{"href":"https:\/\/expressaoms.com.br\/index.php\/wp-json\/wp\/v2\/posts"}],"about":[{"href":"https:\/\/expressaoms.com.br\/index.php\/wp-json\/wp\/v2\/types\/post"}],"author":[{"embeddable":true,"href":"https:\/\/expressaoms.com.br\/index.php\/wp-json\/wp\/v2\/users\/5"}],"replies":[{"embeddable":true,"href":"https:\/\/expressaoms.com.br\/index.php\/wp-json\/wp\/v2\/comments?post=41661"}],"version-history":[{"count":1,"href":"https:\/\/expressaoms.com.br\/index.php\/wp-json\/wp\/v2\/posts\/41661\/revisions"}],"predecessor-version":[{"id":41663,"href":"https:\/\/expressaoms.com.br\/index.php\/wp-json\/wp\/v2\/posts\/41661\/revisions\/41663"}],"wp:featuredmedia":[{"embeddable":true,"href":"https:\/\/expressaoms.com.br\/index.php\/wp-json\/wp\/v2\/media\/41662"}],"wp:attachment":[{"href":"https:\/\/expressaoms.com.br\/index.php\/wp-json\/wp\/v2\/media?parent=41661"}],"wp:term":[{"taxonomy":"category","embeddable":true,"href":"https:\/\/expressaoms.com.br\/index.php\/wp-json\/wp\/v2\/categories?post=41661"},{"taxonomy":"post_tag","embeddable":true,"href":"https:\/\/expressaoms.com.br\/index.php\/wp-json\/wp\/v2\/tags?post=41661"}],"curies":[{"name":"wp","href":"https:\/\/api.w.org\/{rel}","templated":true}]}}