{"id":41671,"date":"2025-12-11T09:51:40","date_gmt":"2025-12-11T13:51:40","guid":{"rendered":"https:\/\/expressaoms.com.br\/?p=41671"},"modified":"2025-12-11T09:51:40","modified_gmt":"2025-12-11T13:51:40","slug":"tres-lagoas-oficializa-o-samba-como-patrimonio-cultural-imaterial-e-cria-o-dia-municipal-do-samba-seu-coca","status":"publish","type":"post","link":"https:\/\/expressaoms.com.br\/index.php\/2025\/12\/11\/tres-lagoas-oficializa-o-samba-como-patrimonio-cultural-imaterial-e-cria-o-dia-municipal-do-samba-seu-coca\/","title":{"rendered":"Tr\u00eas Lagoas oficializa o Samba como Patrim\u00f4nio Cultural Imaterial e cria o &#8220;Dia Municipal do Samba &#8211; Seu Coca&#8221;"},"content":{"rendered":"<p class=\"ds-markdown-paragraph\"><em><strong>Lei sancionada reconhece a import\u00e2ncia hist\u00f3rica e art\u00edstica do g\u00eanero musical para a identidade cultural da cidade<\/strong><\/em><\/p>\n<p>&nbsp;<\/p>\n<p class=\"ds-markdown-paragraph\">O prefeito Cassiano Maia sancionou a Lei Municipal n\u00ba 4.384, um marco hist\u00f3rico para a cultura tr\u00eas-lagoense. A nova legisla\u00e7\u00e3o declara oficialmente o\u00a0Samba como Patrim\u00f4nio Cultural de Natureza Imaterial do Munic\u00edpio\u00a0e institui o\u00a0&#8220;Dia Municipal do Samba &#8211; Seu Coca&#8221;, a ser celebrado anualmente na data de hoje, 2 de dezembro.<\/p>\n<p class=\"ds-markdown-paragraph\">A medida representa um reconhecimento formal do Samba n\u00e3o apenas como um ritmo musical, mas como uma\u00a0manifesta\u00e7\u00e3o art\u00edstica, hist\u00f3rica e cultural fundamental do povo tr\u00eas-lagoense, que h\u00e1 gera\u00e7\u00f5es se expressa, celebra e constr\u00f3i sua identidade por meio dessa arte.<\/p>\n<h2 class=\"ds-markdown-paragraph\"><strong>Homenagem a &#8220;Seu Coca&#8221;<\/strong><\/h2>\n<p class=\"ds-markdown-paragraph\">\nA escolha do nome para a data comemorativa \u00e9 uma justa homenagem a uma personalidade emblem\u00e1tica da cultura local.\u00a0<strong>&#8220;Seu Coca&#8221;<\/strong>\u00a0\u00e9 reconhecido como um dos grandes \u00edcones e divulgadores do samba na cidade, sendo nome carimbado nas rodas de samba, festas tradicionais e no imagin\u00e1rio cultural de Tr\u00eas Lagoas. A lei, portanto, imortaliza sua contribui\u00e7\u00e3o e a de tantos outros sambistas an\u00f4nimos que mant\u00eam a tradi\u00e7\u00e3o viva.<\/p>\n<p class=\"ds-markdown-paragraph\">Conforme o artigo 3\u00ba\u00a0da lei, o &#8220;Dia Municipal do Samba &#8211; Seu Coca&#8221; passa a integrar o\u00a0calend\u00e1rio oficial de eventos do munic\u00edpio. O objetivo, conforme estabelecido, \u00e9 &#8220;valorizar, difundir e incentivar a cultura do samba, bem como reconhecer sua import\u00e2ncia hist\u00f3rica e social para a cidade&#8221;. A data deve movimentar a agenda cultural com programa\u00e7\u00f5es especiais, shows, rodas de conversa e atividades educativas voltadas para todas as idades.<\/p>\n<p class=\"ds-markdown-paragraph\">Al\u00e9m do reconhecimento, a lei atribui ao Poder Executivo Municipal\u00a0a responsabilidade de adotar medidas para a\u00a0preserva\u00e7\u00e3o, valoriza\u00e7\u00e3o, promo\u00e7\u00e3o e difus\u00e3o\u00a0do Samba como express\u00e3o cultural tradicional. A Secretaria Municipal de Cultura e demais \u00f3rg\u00e3os competentes dever\u00e3o trabalhar em pol\u00edticas p\u00fablicas que garantam o apoio aos grupos, compositores e espa\u00e7os dedicados a manter viva essa tradi\u00e7\u00e3o.<\/p>\n<p class=\"ds-markdown-paragraph\">\n","protected":false},"excerpt":{"rendered":"<p>Lei sancionada reconhece a import\u00e2ncia hist\u00f3rica e art\u00edstica do g\u00eanero musical para a identidade cultural da cidade &nbsp; O prefeito Cassiano Maia sancionou a Lei Municipal n\u00ba 4.384, um marco hist\u00f3rico para a cultura tr\u00eas-lagoense. A nova legisla\u00e7\u00e3o declara oficialmente o\u00a0Samba como Patrim\u00f4nio Cultural de Natureza Imaterial do Munic\u00edpio\u00a0e institui o\u00a0&#8220;Dia Municipal do Samba &#8211; [&hellip;]<\/p>\n","protected":false},"author":5,"featured_media":41674,"comment_status":"open","ping_status":"open","sticky":false,"template":"","format":"standard","meta":{"om_disable_all_campaigns":false,"_monsterinsights_skip_tracking":false,"_monsterinsights_sitenote_active":false,"_monsterinsights_sitenote_note":"","_monsterinsights_sitenote_category":0,"footnotes":""},"categories":[29,30,266,193,48],"tags":[],"aioseo_notices":[],"_links":{"self":[{"href":"https:\/\/expressaoms.com.br\/index.php\/wp-json\/wp\/v2\/posts\/41671"}],"collection":[{"href":"https:\/\/expressaoms.com.br\/index.php\/wp-json\/wp\/v2\/posts"}],"about":[{"href":"https:\/\/expressaoms.com.br\/index.php\/wp-json\/wp\/v2\/types\/post"}],"author":[{"embeddable":true,"href":"https:\/\/expressaoms.com.br\/index.php\/wp-json\/wp\/v2\/users\/5"}],"replies":[{"embeddable":true,"href":"https:\/\/expressaoms.com.br\/index.php\/wp-json\/wp\/v2\/comments?post=41671"}],"version-history":[{"count":2,"href":"https:\/\/expressaoms.com.br\/index.php\/wp-json\/wp\/v2\/posts\/41671\/revisions"}],"predecessor-version":[{"id":41675,"href":"https:\/\/expressaoms.com.br\/index.php\/wp-json\/wp\/v2\/posts\/41671\/revisions\/41675"}],"wp:featuredmedia":[{"embeddable":true,"href":"https:\/\/expressaoms.com.br\/index.php\/wp-json\/wp\/v2\/media\/41674"}],"wp:attachment":[{"href":"https:\/\/expressaoms.com.br\/index.php\/wp-json\/wp\/v2\/media?parent=41671"}],"wp:term":[{"taxonomy":"category","embeddable":true,"href":"https:\/\/expressaoms.com.br\/index.php\/wp-json\/wp\/v2\/categories?post=41671"},{"taxonomy":"post_tag","embeddable":true,"href":"https:\/\/expressaoms.com.br\/index.php\/wp-json\/wp\/v2\/tags?post=41671"}],"curies":[{"name":"wp","href":"https:\/\/api.w.org\/{rel}","templated":true}]}}