{"id":41682,"date":"2025-12-11T13:06:41","date_gmt":"2025-12-11T17:06:41","guid":{"rendered":"https:\/\/expressaoms.com.br\/?p=41682"},"modified":"2025-12-11T10:07:59","modified_gmt":"2025-12-11T14:07:59","slug":"prefeitura-destaca-avancos-no-cer-ii-apae-com-aumento-expressivo-de-consultas-medicas-e-ampliacao-de-vagas-em-2025","status":"publish","type":"post","link":"https:\/\/expressaoms.com.br\/index.php\/2025\/12\/11\/prefeitura-destaca-avancos-no-cer-ii-apae-com-aumento-expressivo-de-consultas-medicas-e-ampliacao-de-vagas-em-2025\/","title":{"rendered":"Prefeitura destaca avan\u00e7os no CER II APAE com aumento expressivo de consultas m\u00e9dicas e amplia\u00e7\u00e3o de vagas em 2025"},"content":{"rendered":"<p>A Prefeitura de Tr\u00eas Lagoas refor\u00e7a seu compromisso com a Rede de Cuidados da Pessoa com Defici\u00eancia por meio da parceria consolidada entre o Munic\u00edpio e a Associa\u00e7\u00e3o de Pais e Amigos dos Excepcionais (APAE). Desde 2013, essa uni\u00e3o mant\u00e9m o Centro Especializado de Reabilita\u00e7\u00e3o II (CER II), refer\u00eancia regional no atendimento \u00e0s pessoas com defici\u00eancia intelectual e f\u00edsica, beneficiando Tr\u00eas Lagoas e mais 13 munic\u00edpios da Costa Leste.<\/p>\n<p><strong>REORGANIZA\u00c7\u00c3O DOS POLOS GARANTE MAIOR AGILIDADE NO ATENDIMENTO<\/strong><\/p>\n<p>Em 2025, foi realizada uma reorganiza\u00e7\u00e3o estrat\u00e9gica dos servi\u00e7os, agora distribu\u00eddos em dois polos:<\/p>\n<p>\u2022 Polo I \u2014 Av. Capit\u00e3o Olinto Mancini, 717: atendimento ao p\u00fablico adulto;<\/p>\n<p>\u2022 Polo II \u2014 Av. Ros\u00e1rio Congro, 717: atendimento \u00e0s crian\u00e7as e adolescentes.<\/p>\n<p>A mudan\u00e7a trouxe mais acolhimento, organiza\u00e7\u00e3o dos fluxos e rapidez no acesso \u00e0s avalia\u00e7\u00f5es e tratamentos, al\u00e9m de fortalecer atendimentos como reabilita\u00e7\u00e3o f\u00edsica, oficina ortop\u00e9dica itinerante, assist\u00eancia a ostomizados, cuidados \u00e0s pessoas com defici\u00eancia intelectual, m\u00faltipla e TEA.<\/p>\n<p><strong>AVAN\u00c7OS EXPRESSIVOS EM 2025<br \/>\n<\/strong>Crescimento no n\u00famero de consultas m\u00e9dicas. Os dados de avalia\u00e7\u00e3o geral mostram aumento significativo nas consultas m\u00e9dicas em 2025.<\/p>\n<p><strong>Comparativo anual:<\/strong><\/p>\n<p>\u2022 2024: 1.253 consultas;<\/p>\n<p>\u2022 2025: 1.305 consultas.<\/p>\n<p>Aumento total: +52 consultas, mesmo com dezembro ainda em andamento. Esses resultados refletem a amplia\u00e7\u00e3o das agendas, reorganiza\u00e7\u00e3o interna e maior disponibilidade de especialistas como psiquiatra, neurologista e ortopedista.<\/p>\n<p><strong>AMPLIA\u00c7\u00c3O DAS VAGAS DE ATENDIMENTO<\/strong><\/p>\n<p>O CER II registrou um aumento expressivo na oferta de vagas ao longo de 2025:<\/p>\n<p>\u2022 Total de vagas ofertadas em 2024: 105<\/p>\n<p>\u2022 Total de vagas ofertadas em 2025: 203<\/p>\n<p>Praticamente o dobro de vagas, um crescimento de 93%. Esse salto ocorreu principalmente devido ao mutir\u00e3o de avalia\u00e7\u00f5es entre novembro e dezembro, quando foram disponibilizadas 129 vagas em apenas dois meses.<\/p>\n<p><strong>CER II SEGUE COMO REFER\u00caNCIA EM CUIDADO ESPECIALIZADO<\/strong><\/p>\n<p>Com a reorganiza\u00e7\u00e3o dos polos, o aumento das consultas m\u00e9dicas e a amplia\u00e7\u00e3o das vagas, o CER II APAE Tr\u00eas Lagoas consolida-se como um servi\u00e7o cada vez mais eficiente, humanizado e resolutivo. A Prefeitura refor\u00e7a seu compromisso com a inclus\u00e3o e o atendimento integral, garantindo que cada usu\u00e1rio receba cuidado especializado, cont\u00ednuo e de qualidade.<\/p>\n","protected":false},"excerpt":{"rendered":"<p>A Prefeitura de Tr\u00eas Lagoas refor\u00e7a seu compromisso com a Rede de Cuidados da Pessoa com Defici\u00eancia por meio da parceria consolidada entre o Munic\u00edpio e a Associa\u00e7\u00e3o de Pais e Amigos dos Excepcionais (APAE). Desde 2013, essa uni\u00e3o mant\u00e9m o Centro Especializado de Reabilita\u00e7\u00e3o II (CER II), refer\u00eancia regional no atendimento \u00e0s pessoas com [&hellip;]<\/p>\n","protected":false},"author":5,"featured_media":41683,"comment_status":"open","ping_status":"open","sticky":false,"template":"","format":"standard","meta":{"om_disable_all_campaigns":false,"_monsterinsights_skip_tracking":false,"_monsterinsights_sitenote_active":false,"_monsterinsights_sitenote_note":"","_monsterinsights_sitenote_category":0,"footnotes":""},"categories":[30,36,266,193,48],"tags":[],"aioseo_notices":[],"_links":{"self":[{"href":"https:\/\/expressaoms.com.br\/index.php\/wp-json\/wp\/v2\/posts\/41682"}],"collection":[{"href":"https:\/\/expressaoms.com.br\/index.php\/wp-json\/wp\/v2\/posts"}],"about":[{"href":"https:\/\/expressaoms.com.br\/index.php\/wp-json\/wp\/v2\/types\/post"}],"author":[{"embeddable":true,"href":"https:\/\/expressaoms.com.br\/index.php\/wp-json\/wp\/v2\/users\/5"}],"replies":[{"embeddable":true,"href":"https:\/\/expressaoms.com.br\/index.php\/wp-json\/wp\/v2\/comments?post=41682"}],"version-history":[{"count":1,"href":"https:\/\/expressaoms.com.br\/index.php\/wp-json\/wp\/v2\/posts\/41682\/revisions"}],"predecessor-version":[{"id":41684,"href":"https:\/\/expressaoms.com.br\/index.php\/wp-json\/wp\/v2\/posts\/41682\/revisions\/41684"}],"wp:featuredmedia":[{"embeddable":true,"href":"https:\/\/expressaoms.com.br\/index.php\/wp-json\/wp\/v2\/media\/41683"}],"wp:attachment":[{"href":"https:\/\/expressaoms.com.br\/index.php\/wp-json\/wp\/v2\/media?parent=41682"}],"wp:term":[{"taxonomy":"category","embeddable":true,"href":"https:\/\/expressaoms.com.br\/index.php\/wp-json\/wp\/v2\/categories?post=41682"},{"taxonomy":"post_tag","embeddable":true,"href":"https:\/\/expressaoms.com.br\/index.php\/wp-json\/wp\/v2\/tags?post=41682"}],"curies":[{"name":"wp","href":"https:\/\/api.w.org\/{rel}","templated":true}]}}