{"id":41685,"date":"2025-12-11T14:03:19","date_gmt":"2025-12-11T18:03:19","guid":{"rendered":"https:\/\/expressaoms.com.br\/?p=41685"},"modified":"2025-12-11T13:04:37","modified_gmt":"2025-12-11T17:04:37","slug":"cram-encerra-16-dias-de-ativismo-pelo-fim-da-violencia-contra-as-mulheres-com-acao-no-deck-da-lagoa-maior","status":"publish","type":"post","link":"https:\/\/expressaoms.com.br\/index.php\/2025\/12\/11\/cram-encerra-16-dias-de-ativismo-pelo-fim-da-violencia-contra-as-mulheres-com-acao-no-deck-da-lagoa-maior\/","title":{"rendered":"CRAM encerra \u201c16 Dias de Ativismo pelo Fim da Viol\u00eancia contra as Mulheres\u201d com a\u00e7\u00e3o no Deck da Lagoa Maior"},"content":{"rendered":"<p>A Prefeitura de Tr\u00eas Lagoas, por meio do Centro de Refer\u00eancia de Atendimento \u00e0 Mulher em Situa\u00e7\u00e3o de Viol\u00eancia (CRAM), encerrou a campanha \u201c16 Dias de Ativismo pelo Fim da Viol\u00eancia contra as Mulheres\u201d com a a\u00e7\u00e3o \u201cLuzes por Elas\u201d, realizada no dia 10 de dezembro, \u00e0s 18h, no Deck da Lagoa Maior. O evento reuniu moradores, autoridades e representantes da rede de prote\u00e7\u00e3o em um momento simb\u00f3lico de reflex\u00e3o e refor\u00e7o do compromisso coletivo pelo fim da viol\u00eancia contra a mulher.<\/p>\n<p>A a\u00e7\u00e3o foi realizada em alus\u00e3o ao Dia Internacional dos Direitos Humanos, destacando a import\u00e2ncia da defesa da vida, da dignidade e da seguran\u00e7a de todas as mulheres. Em meio \u00e0s luzes de Natal, que simbolizaram uni\u00e3o e esperan\u00e7a, a iniciativa buscou dar visibilidade \u00e0 luta di\u00e1ria enfrentada por in\u00fameras mulheres e lembrar que a transforma\u00e7\u00e3o social depende da participa\u00e7\u00e3o e responsabilidade de cada cidad\u00e3o.<\/p>\n<p><strong>A\u00e7\u00e3o Extra \u2013 Stand na C\u00e2mara de Vereadores (12\/12)<br \/>\n<\/strong>No dia 12 de dezembro, haver\u00e1 um stand especial na C\u00e2mara de Vereadores, em parceria com o IST. A iniciativa contar\u00e1 com panfletagem, distribui\u00e7\u00e3o de materiais informativos e orienta\u00e7\u00f5es sobre a rede de apoio, os servi\u00e7os dispon\u00edveis e os canais de den\u00fancia, refor\u00e7ando o compromisso cont\u00ednuo do munic\u00edpio com a prote\u00e7\u00e3o das mulheres<\/p>\n","protected":false},"excerpt":{"rendered":"<p>A Prefeitura de Tr\u00eas Lagoas, por meio do Centro de Refer\u00eancia de Atendimento \u00e0 Mulher em Situa\u00e7\u00e3o de Viol\u00eancia (CRAM), encerrou a campanha \u201c16 Dias de Ativismo pelo Fim da Viol\u00eancia contra as Mulheres\u201d com a a\u00e7\u00e3o \u201cLuzes por Elas\u201d, realizada no dia 10 de dezembro, \u00e0s 18h, no Deck da Lagoa Maior. O evento [&hellip;]<\/p>\n","protected":false},"author":5,"featured_media":41686,"comment_status":"open","ping_status":"open","sticky":false,"template":"","format":"standard","meta":{"om_disable_all_campaigns":false,"_monsterinsights_skip_tracking":false,"_monsterinsights_sitenote_active":false,"_monsterinsights_sitenote_note":"","_monsterinsights_sitenote_category":0,"footnotes":""},"categories":[30,266,193,48],"tags":[],"aioseo_notices":[],"_links":{"self":[{"href":"https:\/\/expressaoms.com.br\/index.php\/wp-json\/wp\/v2\/posts\/41685"}],"collection":[{"href":"https:\/\/expressaoms.com.br\/index.php\/wp-json\/wp\/v2\/posts"}],"about":[{"href":"https:\/\/expressaoms.com.br\/index.php\/wp-json\/wp\/v2\/types\/post"}],"author":[{"embeddable":true,"href":"https:\/\/expressaoms.com.br\/index.php\/wp-json\/wp\/v2\/users\/5"}],"replies":[{"embeddable":true,"href":"https:\/\/expressaoms.com.br\/index.php\/wp-json\/wp\/v2\/comments?post=41685"}],"version-history":[{"count":1,"href":"https:\/\/expressaoms.com.br\/index.php\/wp-json\/wp\/v2\/posts\/41685\/revisions"}],"predecessor-version":[{"id":41687,"href":"https:\/\/expressaoms.com.br\/index.php\/wp-json\/wp\/v2\/posts\/41685\/revisions\/41687"}],"wp:featuredmedia":[{"embeddable":true,"href":"https:\/\/expressaoms.com.br\/index.php\/wp-json\/wp\/v2\/media\/41686"}],"wp:attachment":[{"href":"https:\/\/expressaoms.com.br\/index.php\/wp-json\/wp\/v2\/media?parent=41685"}],"wp:term":[{"taxonomy":"category","embeddable":true,"href":"https:\/\/expressaoms.com.br\/index.php\/wp-json\/wp\/v2\/categories?post=41685"},{"taxonomy":"post_tag","embeddable":true,"href":"https:\/\/expressaoms.com.br\/index.php\/wp-json\/wp\/v2\/tags?post=41685"}],"curies":[{"name":"wp","href":"https:\/\/api.w.org\/{rel}","templated":true}]}}