{"id":41688,"date":"2025-12-11T16:05:04","date_gmt":"2025-12-11T20:05:04","guid":{"rendered":"https:\/\/expressaoms.com.br\/?p=41688"},"modified":"2025-12-11T13:05:52","modified_gmt":"2025-12-11T17:05:52","slug":"cinema-nos-bairros-encerra-2025-com-sessao-especial-de-natal-no-centro-de-tres-lagoas","status":"publish","type":"post","link":"https:\/\/expressaoms.com.br\/index.php\/2025\/12\/11\/cinema-nos-bairros-encerra-2025-com-sessao-especial-de-natal-no-centro-de-tres-lagoas\/","title":{"rendered":"Cinema nos Bairros encerra 2025 com sess\u00e3o especial de Natal no centro de Tr\u00eas Lagoas"},"content":{"rendered":"<p>A Pra\u00e7a Senador Ramez Tebet ser\u00e1 palco de uma noite especial no pr\u00f3ximo s\u00e1bado, 13 de dezembro, quando a \u00faltima edi\u00e7\u00e3o de 2025 do projeto Cinema nos Bairros levar\u00e1 a magia do cinema ao ar livre para \u00e1rea central de Tr\u00eas Lagoas. A programa\u00e7\u00e3o come\u00e7a \u00e0s 19h, com exibi\u00e7\u00e3o gratuita do filme natalino \u201cA Estrela de Bel\u00e9m\u201d, aberta a crian\u00e7as, fam\u00edlias e toda a comunidade.<\/p>\n<p>Al\u00e9m da experi\u00eancia cinematogr\u00e1fica, o p\u00fablico poder\u00e1 aproveitar pipoca e refrigerante de cortesia, garantindo ainda mais clima de confraterniza\u00e7\u00e3o e divers\u00e3o para celebrar a chegada do Natal.<\/p>\n<p>Realizado sempre nas duas \u00faltimas sextas-feiras de cada m\u00eas, o projeto \u00e9 promovido com recursos da Lei Paulo Gustavo, com apoio da Prefeitura de Tr\u00eas Lagoas, por meio da Diretoria de Cultura e da Secretaria Municipal de Educa\u00e7\u00e3o e Cultura (SEMEC). A iniciativa busca democratizar o acesso \u00e0 cultura e fortalecer a\u00e7\u00f5es de lazer nas comunidades, encerrando o ano com uma edi\u00e7\u00e3o especial no centro da cidade.<\/p>\n<p><strong>SERVI\u00c7O \u2014 CINEMA NOS BAIRROS<\/strong><\/p>\n<p>Filme: A Estrela de Bel\u00e9m<\/p>\n<p>Data: 13 de dezembro (s\u00e1bado)<\/p>\n<p>Hor\u00e1rio: 19h<\/p>\n<p>Local: Pra\u00e7a Senador Ramez Tebet \u2013 Centro de Tr\u00eas Lagoas<\/p>\n","protected":false},"excerpt":{"rendered":"<p>A Pra\u00e7a Senador Ramez Tebet ser\u00e1 palco de uma noite especial no pr\u00f3ximo s\u00e1bado, 13 de dezembro, quando a \u00faltima edi\u00e7\u00e3o de 2025 do projeto Cinema nos Bairros levar\u00e1 a magia do cinema ao ar livre para \u00e1rea central de Tr\u00eas Lagoas. A programa\u00e7\u00e3o come\u00e7a \u00e0s 19h, com exibi\u00e7\u00e3o gratuita do filme natalino \u201cA Estrela [&hellip;]<\/p>\n","protected":false},"author":5,"featured_media":41689,"comment_status":"open","ping_status":"open","sticky":false,"template":"","format":"standard","meta":{"om_disable_all_campaigns":false,"_monsterinsights_skip_tracking":false,"_monsterinsights_sitenote_active":false,"_monsterinsights_sitenote_note":"","_monsterinsights_sitenote_category":0,"footnotes":""},"categories":[30,36,266,193,48],"tags":[],"aioseo_notices":[],"_links":{"self":[{"href":"https:\/\/expressaoms.com.br\/index.php\/wp-json\/wp\/v2\/posts\/41688"}],"collection":[{"href":"https:\/\/expressaoms.com.br\/index.php\/wp-json\/wp\/v2\/posts"}],"about":[{"href":"https:\/\/expressaoms.com.br\/index.php\/wp-json\/wp\/v2\/types\/post"}],"author":[{"embeddable":true,"href":"https:\/\/expressaoms.com.br\/index.php\/wp-json\/wp\/v2\/users\/5"}],"replies":[{"embeddable":true,"href":"https:\/\/expressaoms.com.br\/index.php\/wp-json\/wp\/v2\/comments?post=41688"}],"version-history":[{"count":1,"href":"https:\/\/expressaoms.com.br\/index.php\/wp-json\/wp\/v2\/posts\/41688\/revisions"}],"predecessor-version":[{"id":41690,"href":"https:\/\/expressaoms.com.br\/index.php\/wp-json\/wp\/v2\/posts\/41688\/revisions\/41690"}],"wp:featuredmedia":[{"embeddable":true,"href":"https:\/\/expressaoms.com.br\/index.php\/wp-json\/wp\/v2\/media\/41689"}],"wp:attachment":[{"href":"https:\/\/expressaoms.com.br\/index.php\/wp-json\/wp\/v2\/media?parent=41688"}],"wp:term":[{"taxonomy":"category","embeddable":true,"href":"https:\/\/expressaoms.com.br\/index.php\/wp-json\/wp\/v2\/categories?post=41688"},{"taxonomy":"post_tag","embeddable":true,"href":"https:\/\/expressaoms.com.br\/index.php\/wp-json\/wp\/v2\/tags?post=41688"}],"curies":[{"name":"wp","href":"https:\/\/api.w.org\/{rel}","templated":true}]}}