{"id":41694,"date":"2025-12-11T13:26:10","date_gmt":"2025-12-11T17:26:10","guid":{"rendered":"https:\/\/expressaoms.com.br\/?p=41694"},"modified":"2025-12-11T13:26:10","modified_gmt":"2025-12-11T17:26:10","slug":"poderes-se-unem-em-combate-a-violencia-contra-a-mulher","status":"publish","type":"post","link":"https:\/\/expressaoms.com.br\/index.php\/2025\/12\/11\/poderes-se-unem-em-combate-a-violencia-contra-a-mulher\/","title":{"rendered":"Poderes se unem em combate \u00e0 viol\u00eancia contra a mulher"},"content":{"rendered":"<p>A uni\u00e3o entre os Poderes de Mato Grosso do Sul ganhou um novo cap\u00edtulo na constru\u00e7\u00e3o de pol\u00edticas p\u00fablicas voltadas ao enfrentamento da viol\u00eancia contra mulheres e meninas. Nesta quinta-feira (11), o presidente da Assembleia Legislativa de Mato Grosso do Sul (ALEMS), deputado Gerson Claro, recebeu a desembargadora Jaceguara Dantas Silva, coordenadora da Mulher em Situa\u00e7\u00e3o de Viol\u00eancia Dom\u00e9stica e Familiar do Tribunal de Justi\u00e7a (TJMS), para apresentar o protocolo de a\u00e7\u00f5es do programa Todos por Elas na Educa\u00e7\u00e3o.<\/p>\n<p>A iniciativa, constru\u00edda de forma conjunta entre Executivo, Judici\u00e1rio e Legislativo, consolida um protocolo abrangente que passa a orientar, de forma integrada, a Educa\u00e7\u00e3o em Direitos Humanos no Estado, incorporando perspectivas \u00e9tnico-raciais e de g\u00eanero. O documento estabelece diretrizes para a preven\u00e7\u00e3o \u00e0 viol\u00eancia contra mulheres e meninas, o fortalecimento da rede de prote\u00e7\u00e3o, a forma\u00e7\u00e3o continuada de profissionais da educa\u00e7\u00e3o e a promo\u00e7\u00e3o de ambientes escolares mais seguros e inclusivos.<\/p>\n<p>Segundo a desembargadora Jaceguara, o protocolo foi elaborado em alinhamento com tratados internacionais, marcos legais nacionais e resolu\u00e7\u00f5es dos \u00f3rg\u00e3os de controle, garantindo que Mato Grosso do Sul avance em pol\u00edticas p\u00fablicas permanentes e estruturantes. Ela tamb\u00e9m confirmou a solenidade oficial de assinatura do pacto, que institucionaliza o programa como pol\u00edtica p\u00fablica de Estado, marcada para o dia 17 de dezembro, no Tribunal de Contas do Estado, com a participa\u00e7\u00e3o dos tr\u00eas Poderes, Minist\u00e9rio P\u00fablico e institui\u00e7\u00f5es parceiras.<\/p>\n<p>Para o deputado Gerson Claro, o engajamento conjunto \u00e9 determinante para transformar realidades e proteger vidas. \u201cEssa integra\u00e7\u00e3o entre os Poderes garante mais efetividade \u00e0s pol\u00edticas de preven\u00e7\u00e3o e reafirma o nosso compromisso com a prote\u00e7\u00e3o das mulheres. A Assembleia Legislativa est\u00e1 unida e empenhada na constru\u00e7\u00e3o de um Mato Grosso do Sul mais seguro, justo e igualit\u00e1rio para todos\u201d, destacou.<\/p>\n<p>O protocolo #TodosPorElas na Educa\u00e7\u00e3o nasce como uma resposta articulada do Estado para enfrentar, de forma cont\u00ednua e coordenada, as desigualdades de g\u00eanero e racial, al\u00e9m de consolidar a\u00e7\u00f5es que promovam direitos humanos e previnam situa\u00e7\u00f5es de viol\u00eancia. A expectativa \u00e9 que a iniciativa transforme o ambiente escolar em um espa\u00e7o estrat\u00e9gico de forma\u00e7\u00e3o cidad\u00e3 e de combate \u00e0 discrimina\u00e7\u00e3o, contribuindo para uma sociedade mais justa e igualit\u00e1ria.<\/p>\n","protected":false},"excerpt":{"rendered":"<p>A uni\u00e3o entre os Poderes de Mato Grosso do Sul ganhou um novo cap\u00edtulo na constru\u00e7\u00e3o de pol\u00edticas p\u00fablicas voltadas ao enfrentamento da viol\u00eancia contra mulheres e meninas. Nesta quinta-feira (11), o presidente da Assembleia Legislativa de Mato Grosso do Sul (ALEMS), deputado Gerson Claro, recebeu a desembargadora Jaceguara Dantas Silva, coordenadora da Mulher em [&hellip;]<\/p>\n","protected":false},"author":5,"featured_media":41695,"comment_status":"open","ping_status":"open","sticky":false,"template":"","format":"standard","meta":{"om_disable_all_campaigns":false,"_monsterinsights_skip_tracking":false,"_monsterinsights_sitenote_active":false,"_monsterinsights_sitenote_note":"","_monsterinsights_sitenote_category":0,"footnotes":""},"categories":[27,30,266,42,193],"tags":[],"aioseo_notices":[],"_links":{"self":[{"href":"https:\/\/expressaoms.com.br\/index.php\/wp-json\/wp\/v2\/posts\/41694"}],"collection":[{"href":"https:\/\/expressaoms.com.br\/index.php\/wp-json\/wp\/v2\/posts"}],"about":[{"href":"https:\/\/expressaoms.com.br\/index.php\/wp-json\/wp\/v2\/types\/post"}],"author":[{"embeddable":true,"href":"https:\/\/expressaoms.com.br\/index.php\/wp-json\/wp\/v2\/users\/5"}],"replies":[{"embeddable":true,"href":"https:\/\/expressaoms.com.br\/index.php\/wp-json\/wp\/v2\/comments?post=41694"}],"version-history":[{"count":1,"href":"https:\/\/expressaoms.com.br\/index.php\/wp-json\/wp\/v2\/posts\/41694\/revisions"}],"predecessor-version":[{"id":41696,"href":"https:\/\/expressaoms.com.br\/index.php\/wp-json\/wp\/v2\/posts\/41694\/revisions\/41696"}],"wp:featuredmedia":[{"embeddable":true,"href":"https:\/\/expressaoms.com.br\/index.php\/wp-json\/wp\/v2\/media\/41695"}],"wp:attachment":[{"href":"https:\/\/expressaoms.com.br\/index.php\/wp-json\/wp\/v2\/media?parent=41694"}],"wp:term":[{"taxonomy":"category","embeddable":true,"href":"https:\/\/expressaoms.com.br\/index.php\/wp-json\/wp\/v2\/categories?post=41694"},{"taxonomy":"post_tag","embeddable":true,"href":"https:\/\/expressaoms.com.br\/index.php\/wp-json\/wp\/v2\/tags?post=41694"}],"curies":[{"name":"wp","href":"https:\/\/api.w.org\/{rel}","templated":true}]}}