{"id":41720,"date":"2025-12-11T12:44:24","date_gmt":"2025-12-11T16:44:24","guid":{"rendered":"https:\/\/expressaoms.com.br\/?p=41720"},"modified":"2025-12-12T11:50:54","modified_gmt":"2025-12-12T15:50:54","slug":"citricultura-de-ms-avanca-como-nova-fronteira-agricola-brasileira","status":"publish","type":"post","link":"https:\/\/expressaoms.com.br\/index.php\/2025\/12\/11\/citricultura-de-ms-avanca-como-nova-fronteira-agricola-brasileira\/","title":{"rendered":"Citricultura de MS avan\u00e7a como nova fronteira agr\u00edcola brasileira"},"content":{"rendered":"<p>Com ambiente positivo e pr\u00f3spero de neg\u00f3cio, Mato Grosso do Sul avan\u00e7a como nova fronteira agr\u00edcola da citricultura no Brasil. Estado disp\u00f5e de v\u00e1rios fatores positivos, como clima e fiscaliza\u00e7\u00e3o efetiva. Para expandir e consolidar este cen\u00e1rio, o governador Eduardo Riedel participou nesta quinta-feira (11) do 1\u00ba MS Citrus Summit \u2013 A Nova Fronteira da Citricultura. O evento em Tr\u00eas Lagoas re\u00fane produtores, especialistas e profissionais que trabalham no setor.<\/p>\n<p>Com mais de 15 mil hectares j\u00e1 em produ\u00e7\u00e3o e cerca de 7 milh\u00f5es de mudas implantadas no Estado, a citricultura est\u00e1 em pleno avan\u00e7o no Mato Grosso do Sul, com o apoio do Governo do Estado, que apresenta um ambiente positivo de neg\u00f3cio, com investimentos efetivos em log\u00edstica, infraestrutura e fiscaliza\u00e7\u00e3o.<\/p>\n<p>\u201cUma oportunidade que come\u00e7a quase do zero, que vamos fazer bem feito para fazer dar certo. Colocar todos os nossos esfor\u00e7os para expandir esta nova fronteira agr\u00edcola. O que buscamos \u00e9 adquirir confian\u00e7a para atrair grandes investimentos. Com seriedade e responsabilidade, este \u00e9 o nosso maior ativo\u201d, afirmou o governador.<\/p>\n<p>Riedel destacou a import\u00e2ncia do evento que vai discutir o cen\u00e1rio atual da citricultura e as perspectivas do futuro. \u201cTemos grandes desafios, que hoje seja um excelente dia de trabalho com reuni\u00f5es e discuss\u00f5es sobre o setor. S\u00e3o oportunidades como esta que temos que usar para nivelar conhecimento. Podemos caminhar juntos em um setor que gera muito emprego e renda e pode abrir oportunidades a nossa gente\u201d.<\/p>\n<p><img fetchpriority=\"high\" decoding=\"async\" class=\"alignnone size-full wp-image-41723\" src=\"https:\/\/expressaoms.com.br\/wp-content\/uploads\/2025\/12\/Abertura-Oficial-do-1o-MS-Citrus-Summit-\u2013-A-Nova-Fronteira-da-Citricultura-Foto-Alvaro-Rezende-07-scaled-1.jpg\" alt=\"\" width=\"1920\" height=\"1280\" srcset=\"https:\/\/expressaoms.com.br\/wp-content\/uploads\/2025\/12\/Abertura-Oficial-do-1o-MS-Citrus-Summit-\u2013-A-Nova-Fronteira-da-Citricultura-Foto-Alvaro-Rezende-07-scaled-1.jpg 1920w, https:\/\/expressaoms.com.br\/wp-content\/uploads\/2025\/12\/Abertura-Oficial-do-1o-MS-Citrus-Summit-\u2013-A-Nova-Fronteira-da-Citricultura-Foto-Alvaro-Rezende-07-scaled-1-300x200.jpg 300w, https:\/\/expressaoms.com.br\/wp-content\/uploads\/2025\/12\/Abertura-Oficial-do-1o-MS-Citrus-Summit-\u2013-A-Nova-Fronteira-da-Citricultura-Foto-Alvaro-Rezende-07-scaled-1-1024x683.jpg 1024w, https:\/\/expressaoms.com.br\/wp-content\/uploads\/2025\/12\/Abertura-Oficial-do-1o-MS-Citrus-Summit-\u2013-A-Nova-Fronteira-da-Citricultura-Foto-Alvaro-Rezende-07-scaled-1-768x512.jpg 768w, https:\/\/expressaoms.com.br\/wp-content\/uploads\/2025\/12\/Abertura-Oficial-do-1o-MS-Citrus-Summit-\u2013-A-Nova-Fronteira-da-Citricultura-Foto-Alvaro-Rezende-07-scaled-1-1536x1024.jpg 1536w, https:\/\/expressaoms.com.br\/wp-content\/uploads\/2025\/12\/Abertura-Oficial-do-1o-MS-Citrus-Summit-\u2013-A-Nova-Fronteira-da-Citricultura-Foto-Alvaro-Rezende-07-scaled-1-600x400.jpg 600w\" sizes=\"(max-width: 1920px) 100vw, 1920px\" \/><\/p>\n<p>Atualmente j\u00e1 est\u00e3o planejados mais de 40 mil hectares em novos projetos para os pr\u00f3ximos anos, consolidando a cultura como uma das principais apostas do agroneg\u00f3cio estadual para diversifica\u00e7\u00e3o econ\u00f4mica, gera\u00e7\u00e3o de renda e atra\u00e7\u00e3o de investimentos.<\/p>\n<p>O evento voltado para citricultura \u00e9 realizado pelo Governo do Estado, por meio da Semadesc (Secretaria de Estado de Meio Ambiente, Desenvolvimento, Ci\u00eancia, Tecnologia e Inova\u00e7\u00e3o). O objetivo \u00e9 ampliar o debate e construir estrat\u00e9gias para o desenvolvimento sustent\u00e1vel desta cadeia produtiva.<\/p>\n<p>As atividades come\u00e7aram no dia 10 de dezembro e seguem at\u00e9 o final desta quinta-feira. Entre as atra\u00e7\u00f5es teve capacita\u00e7\u00e3o t\u00e9cnica, troca de experi\u00eancias, atualiza\u00e7\u00f5es sobre o ramo, inclusive sobre fiscaliza\u00e7\u00e3o, assim como a\u00e7\u00f5es de fortalecimento da defesa sanit\u00e1ria, elemento fundamental para evitar a ocorr\u00eancia de pragas e principalmente da doen\u00e7a de \u201cgreening\u201d, que destruiu pomares no Brasil e em diversos pa\u00edses.<\/p>\n<p>A programa\u00e7\u00e3o ampliar\u00e1 o debate para aspectos estrat\u00e9gicos, produtivos, mercadol\u00f3gicos e ambientais do setor, com discuss\u00e3o inclusive sobre o ambiente regulat\u00f3rio e a posi\u00e7\u00e3o do Estado nesta nova fronteira agr\u00edcola.<\/p>\n<p><img decoding=\"async\" class=\"alignnone size-full wp-image-41724\" src=\"https:\/\/expressaoms.com.br\/wp-content\/uploads\/2025\/12\/Foto-Alvaro-Rezende-2-scaled-1.jpg\" alt=\"\" width=\"1920\" height=\"1280\" srcset=\"https:\/\/expressaoms.com.br\/wp-content\/uploads\/2025\/12\/Foto-Alvaro-Rezende-2-scaled-1.jpg 1920w, https:\/\/expressaoms.com.br\/wp-content\/uploads\/2025\/12\/Foto-Alvaro-Rezende-2-scaled-1-300x200.jpg 300w, https:\/\/expressaoms.com.br\/wp-content\/uploads\/2025\/12\/Foto-Alvaro-Rezende-2-scaled-1-1024x683.jpg 1024w, https:\/\/expressaoms.com.br\/wp-content\/uploads\/2025\/12\/Foto-Alvaro-Rezende-2-scaled-1-768x512.jpg 768w, https:\/\/expressaoms.com.br\/wp-content\/uploads\/2025\/12\/Foto-Alvaro-Rezende-2-scaled-1-1536x1024.jpg 1536w, https:\/\/expressaoms.com.br\/wp-content\/uploads\/2025\/12\/Foto-Alvaro-Rezende-2-scaled-1-600x400.jpg 600w\" sizes=\"(max-width: 1920px) 100vw, 1920px\" \/><\/p>\n<h2><strong>Cen\u00e1rio positivo<\/strong><\/h2>\n<p>Mato Grosso do Sul ainda n\u00e3o est\u00e1 entre os principais produtores de laranja do Brasil, no entanto \u00e9 um estado em plena ascens\u00e3o na produ\u00e7\u00e3o. Nos \u00faltimos anos chegaram grandes investimentos no setor, entre eles a produ\u00e7\u00e3o do grupo Cutrale, um dos maiores do mundo, que est\u00e3o plantando laranja em Sidrol\u00e2ndia, com previs\u00e3o de atingir at\u00e9 8 milh\u00f5es de caixas por safra quando os pomares entrarem em plena produ\u00e7\u00e3o.<\/p>\n<p>Entre outros grupos que investem nesta \u00e1rea no Estado aparecem a Cambuy, Frucamp, Agro Terena, Citrosuco, Grupo Junqueira Rodas e diversos produtores independentes. Entre os fatores que explicam a vinda ao Estado est\u00e1 a disponibilidade de terras, clima favor\u00e1vel, log\u00edstica estrat\u00e9gica, ambiente regulat\u00f3rio est\u00e1vel e a \u201ctoler\u00e2ncia zero\u201d a doen\u00e7as como a de greening.<\/p>\n<p>A expectativa \u00e9 que Mato Grosso do Sul j\u00e1 ultrapasse a marca de 15 mil hectares plantados e mais de 40 mil em implanta\u00e7\u00e3o, distribu\u00eddos em munic\u00edpios como Sidrol\u00e2ndia, Campo Grande, Terenos, Ribas do Rio Pardo, Dois Irm\u00e3os do Buriti, Aparecida do Taboado, Cassil\u00e2ndia, Tr\u00eas Lagoas, Bataguassu, Parana\u00edba, entre outros.<\/p>\n<p>\u201cRapidamente trouxemos ao Estado os principais players do setor e conseguimos juntos estruturar nossos \u00f3rg\u00e3os, com ampla capacita\u00e7\u00e3o, fiscaliza\u00e7\u00e3o e orienta\u00e7\u00e3o. Promover Mato Grosso do Sul como nova fronteira da citricultura brasileira. Trabalhar para atrair mais investimentos\u201d, afirmou o secret\u00e1rio da Semadesc, Jaime Verruck.<\/p>\n<p>Para o diretor executivo da Fundecitrus, Juliano Aires, Mato Grosso do Sul tem uma oportunidade \u00fanica para alavancar no setor.<\/p>\n<p>\u201cTem \u00f3timas condi\u00e7\u00f5es do clima, solo, isolamento, tendo desde o primeiro dia o apoio incondicional do Governo. Extremamente favor\u00e1vel para ter uma citricultura top no mundo, com alta produtividade e uma laranja na condi\u00e7\u00e3o premium\u201d.<\/p>\n","protected":false},"excerpt":{"rendered":"<p>Com ambiente positivo e pr\u00f3spero de neg\u00f3cio, Mato Grosso do Sul avan\u00e7a como nova fronteira agr\u00edcola da citricultura no Brasil. Estado disp\u00f5e de v\u00e1rios fatores positivos, como clima e fiscaliza\u00e7\u00e3o efetiva. Para expandir e consolidar este cen\u00e1rio, o governador Eduardo Riedel participou nesta quinta-feira (11) do 1\u00ba MS Citrus Summit \u2013 A Nova Fronteira da [&hellip;]<\/p>\n","protected":false},"author":3,"featured_media":41726,"comment_status":"open","ping_status":"open","sticky":false,"template":"","format":"standard","meta":{"om_disable_all_campaigns":false,"_monsterinsights_skip_tracking":false,"_monsterinsights_sitenote_active":false,"_monsterinsights_sitenote_note":"","_monsterinsights_sitenote_category":0,"footnotes":""},"categories":[31,266,48],"tags":[],"aioseo_notices":[],"_links":{"self":[{"href":"https:\/\/expressaoms.com.br\/index.php\/wp-json\/wp\/v2\/posts\/41720"}],"collection":[{"href":"https:\/\/expressaoms.com.br\/index.php\/wp-json\/wp\/v2\/posts"}],"about":[{"href":"https:\/\/expressaoms.com.br\/index.php\/wp-json\/wp\/v2\/types\/post"}],"author":[{"embeddable":true,"href":"https:\/\/expressaoms.com.br\/index.php\/wp-json\/wp\/v2\/users\/3"}],"replies":[{"embeddable":true,"href":"https:\/\/expressaoms.com.br\/index.php\/wp-json\/wp\/v2\/comments?post=41720"}],"version-history":[{"count":1,"href":"https:\/\/expressaoms.com.br\/index.php\/wp-json\/wp\/v2\/posts\/41720\/revisions"}],"predecessor-version":[{"id":41727,"href":"https:\/\/expressaoms.com.br\/index.php\/wp-json\/wp\/v2\/posts\/41720\/revisions\/41727"}],"wp:featuredmedia":[{"embeddable":true,"href":"https:\/\/expressaoms.com.br\/index.php\/wp-json\/wp\/v2\/media\/41726"}],"wp:attachment":[{"href":"https:\/\/expressaoms.com.br\/index.php\/wp-json\/wp\/v2\/media?parent=41720"}],"wp:term":[{"taxonomy":"category","embeddable":true,"href":"https:\/\/expressaoms.com.br\/index.php\/wp-json\/wp\/v2\/categories?post=41720"},{"taxonomy":"post_tag","embeddable":true,"href":"https:\/\/expressaoms.com.br\/index.php\/wp-json\/wp\/v2\/tags?post=41720"}],"curies":[{"name":"wp","href":"https:\/\/api.w.org\/{rel}","templated":true}]}}