{"id":42786,"date":"2026-01-19T12:49:36","date_gmt":"2026-01-19T16:49:36","guid":{"rendered":"https:\/\/expressaoms.com.br\/?p=42786"},"modified":"2026-01-19T12:49:36","modified_gmt":"2026-01-19T16:49:36","slug":"valdemar-diz-que-candidatura-de-flavio-bolsonaro-ao-planalto-e-viavel-e-irreversivel","status":"publish","type":"post","link":"https:\/\/expressaoms.com.br\/index.php\/2026\/01\/19\/valdemar-diz-que-candidatura-de-flavio-bolsonaro-ao-planalto-e-viavel-e-irreversivel\/","title":{"rendered":"Valdemar diz que candidatura de Fl\u00e1vio Bolsonaro ao Planalto \u00e9 &#8220;vi\u00e1vel e irrevers\u00edvel&#8221;"},"content":{"rendered":"<p>O presidente do PL, Valdemar Costa Neto, afirmou que a candidatura do senador Fl\u00e1vio Bolsonaro (PL-RJ) \u00e0 Presid\u00eancia \u00e9 \u201cvi\u00e1vel e irrevers\u00edvel\u201d. A declara\u00e7\u00e3o foi dada \u00e0 CNN Brasil.<\/p>\n<p>Pesquisa Genial\/Quaest, divulgada em 14 de janeiro, aponta o presidente Luiz In\u00e1cio Lula da Silva (PT) na lideran\u00e7a dos cen\u00e1rios testados. Em um eventual segundo turno, Lula aparece com 45% das inten\u00e7\u00f5es de voto, contra 38% de Fl\u00e1vio. O levantamento ouviu 2.004 eleitores entre 8 e 11 de janeiro e tem margem de erro de dois pontos porcentuais.<\/p>\n<p>Apesar do avan\u00e7o, partidos do Centr\u00e3o ainda resistem ao nome de Fl\u00e1vio. Dirigentes avaliam impactos regionais e mant\u00eam espa\u00e7o para alternativas, como o governador de S\u00e3o Paulo, Tarc\u00edsio de Freitas (Republicanos). Aliados do governador reconhecem o protagonismo recente do senador, mas n\u00e3o descartam a viabilidade de Tarc\u00edsio em uma disputa pelo Planalto.<\/p>\n<p>O pr\u00f3prio Fl\u00e1vio j\u00e1 havia dito que sua decis\u00e3o \u201cn\u00e3o tem volta\u201d. Neste s\u00e1bado (17), o senador pediu converg\u00eancia na direita e mencionou a ex-primeira-dama Michelle Bolsonaro (PL) e Tarc\u00edsio de Freitas, em uma tentativa de mostrar uni\u00e3o entre eles.<\/p>\n<blockquote><p>\u201cTodos n\u00f3s que queremos um Brasil melhor temos que ter muita sabedoria e uni\u00e3o para vencer o partido das trevas. A gente precisa praticar aquilo que prega: como vamos unir o Brasil se n\u00e3o conseguimos unir a direita antes?\u201d, afirmou o senador.<\/p><\/blockquote>\n<p>\u201cN\u00e3o caiam em pilha errada. O Tarc\u00edsio \u00e9 um aliado fundamental. A Michelle tem um papel important\u00edssimo\u201d, emendou.<\/p>\n<p>Apesar de Michelle nunca ter declarado prefer\u00eancia por Tarc\u00edsio de Freitas como candidato, gestos recentes da ex-primeira-dama v\u00eam sendo interpretados como sinais nessa dire\u00e7\u00e3o. Entre aliados do bolsonarismo, o compartilhamento de v\u00eddeo do governador nas redes sociais alimentou desconfian\u00e7as e levantou suspeitas sobre seu posicionamento no processo de escolha do nome para as elei\u00e7\u00f5es deste ano.<\/p>\n<pre>Com Estad\u00e3o<\/pre>\n","protected":false},"excerpt":{"rendered":"<p>O presidente do PL, Valdemar Costa Neto, afirmou que a candidatura do senador Fl\u00e1vio Bolsonaro (PL-RJ) \u00e0 Presid\u00eancia \u00e9 \u201cvi\u00e1vel e irrevers\u00edvel\u201d. A declara\u00e7\u00e3o foi dada \u00e0 CNN Brasil. Pesquisa Genial\/Quaest, divulgada em 14 de janeiro, aponta o presidente Luiz In\u00e1cio Lula da Silva (PT) na lideran\u00e7a dos cen\u00e1rios testados. Em um eventual segundo turno, [&hellip;]<\/p>\n","protected":false},"author":3,"featured_media":42787,"comment_status":"open","ping_status":"open","sticky":false,"template":"","format":"standard","meta":{"om_disable_all_campaigns":false,"_monsterinsights_skip_tracking":false,"_monsterinsights_sitenote_active":false,"_monsterinsights_sitenote_note":"","_monsterinsights_sitenote_category":0,"footnotes":""},"categories":[246,42],"tags":[],"aioseo_notices":[],"_links":{"self":[{"href":"https:\/\/expressaoms.com.br\/index.php\/wp-json\/wp\/v2\/posts\/42786"}],"collection":[{"href":"https:\/\/expressaoms.com.br\/index.php\/wp-json\/wp\/v2\/posts"}],"about":[{"href":"https:\/\/expressaoms.com.br\/index.php\/wp-json\/wp\/v2\/types\/post"}],"author":[{"embeddable":true,"href":"https:\/\/expressaoms.com.br\/index.php\/wp-json\/wp\/v2\/users\/3"}],"replies":[{"embeddable":true,"href":"https:\/\/expressaoms.com.br\/index.php\/wp-json\/wp\/v2\/comments?post=42786"}],"version-history":[{"count":1,"href":"https:\/\/expressaoms.com.br\/index.php\/wp-json\/wp\/v2\/posts\/42786\/revisions"}],"predecessor-version":[{"id":42788,"href":"https:\/\/expressaoms.com.br\/index.php\/wp-json\/wp\/v2\/posts\/42786\/revisions\/42788"}],"wp:featuredmedia":[{"embeddable":true,"href":"https:\/\/expressaoms.com.br\/index.php\/wp-json\/wp\/v2\/media\/42787"}],"wp:attachment":[{"href":"https:\/\/expressaoms.com.br\/index.php\/wp-json\/wp\/v2\/media?parent=42786"}],"wp:term":[{"taxonomy":"category","embeddable":true,"href":"https:\/\/expressaoms.com.br\/index.php\/wp-json\/wp\/v2\/categories?post=42786"},{"taxonomy":"post_tag","embeddable":true,"href":"https:\/\/expressaoms.com.br\/index.php\/wp-json\/wp\/v2\/tags?post=42786"}],"curies":[{"name":"wp","href":"https:\/\/api.w.org\/{rel}","templated":true}]}}