{"id":42798,"date":"2026-01-19T17:07:45","date_gmt":"2026-01-19T21:07:45","guid":{"rendered":"https:\/\/expressaoms.com.br\/?p=42798"},"modified":"2026-01-19T16:28:25","modified_gmt":"2026-01-19T20:28:25","slug":"prefeitura-encerra-nessa-quinta-feira-22-o-periodo-de-reinsercao-nos-servicos-de-convivencia","status":"publish","type":"post","link":"https:\/\/expressaoms.com.br\/index.php\/2026\/01\/19\/prefeitura-encerra-nessa-quinta-feira-22-o-periodo-de-reinsercao-nos-servicos-de-convivencia\/","title":{"rendered":"Prefeitura encerra nessa quinta-feira (22) o per\u00edodo de reinser\u00e7\u00e3o nos Servi\u00e7os de Conviv\u00eancia"},"content":{"rendered":"<p>A Prefeitura de Tr\u00eas Lagoas, por meio da Secretaria Municipal de Assist\u00eancia Social (SMAS), informa que o per\u00edodo de reinser\u00e7\u00e3o de crian\u00e7as e adolescentes nos Servi\u00e7os de Conviv\u00eancia e Fortalecimento de V\u00ednculos (SCFV) para o ano de 2026 encerra-se nesta quinta-feira, 22 de janeiro.<\/p>\n<p>O chamamento \u00e9 destinado \u00e0s fam\u00edlias que participavam dos servi\u00e7os em 2025 e manifestaram interesse em dar continuidade \u00e0s atividades em 2026, conforme enquete realizada em dezembro. Para efetivar a reinser\u00e7\u00e3o, \u00e9 necess\u00e1rio que os respons\u00e1veis entrem em contato diretamente com o servi\u00e7o de conviv\u00eancia no qual a crian\u00e7a ou adolescente j\u00e1 estava inserido, como o SCFV Bombeiros do Amanh\u00e3, entre outros polos do programa. O processo ser\u00e1 realizado da seguinte forma:<\/p>\n<ul class=\"wp-block-list\">\n<li>A fam\u00edlia deve procurar o servi\u00e7o de conviv\u00eancia onde a crian\u00e7a ou adolescente participava;<\/li>\n<li>A equipe far\u00e1 o agendamento do atendimento e repassar\u00e1 todas as orienta\u00e7\u00f5es necess\u00e1rias;<\/li>\n<li>Os atendimentos ocorrer\u00e3o exclusivamente por agendamento, nos Centros de Refer\u00eancia de Assist\u00eancia Social (CRAS), evitando filas e aglomera\u00e7\u00f5es, em um formato diferente do adotado no ano anterior.<\/li>\n<\/ul>\n<p>A SMAS refor\u00e7a a import\u00e2ncia de que as fam\u00edlias mantenham os dados de contato atualizados e fiquem atentas \u00e0s liga\u00e7\u00f5es telef\u00f4nicas e mensagens via WhatsApp, j\u00e1 que a equipe tamb\u00e9m realizar\u00e1 tentativas de contato. Telefones desatualizados ou inativos podem dificultar a comunica\u00e7\u00e3o e comprometer o atendimento.<\/p>\n<p>De acordo com a Prefeitura, o processo de reinser\u00e7\u00e3o \u00e9 fundamental para garantir a continuidade dos atendimentos, o fortalecimento dos v\u00ednculos familiares e comunit\u00e1rios e a organiza\u00e7\u00e3o dos servi\u00e7os para o ano de 2026.<\/p>\n<p>Em caso de d\u00favidas, as fam\u00edlias devem procurar o CRAS de refer\u00eancia ou o servi\u00e7o de conviv\u00eancia onde j\u00e1 estavam cadastradas.<\/p>\n<p><strong>A lista completa dos CRAS e dos polos do SCFV est\u00e1 dispon\u00edvel no site oficial da Prefeitura:<\/strong><br \/>\n<a href=\"https:\/\/www.treslagoas.cartadeservicos.online\/_ssecretarias\/assistencia-social\/\"><strong>https:\/\/www.treslagoas.cartadeservicos.online\/_ssecretarias\/assistencia-social\/<\/strong><\/a><\/p>\n","protected":false},"excerpt":{"rendered":"<p>A Prefeitura de Tr\u00eas Lagoas, por meio da Secretaria Municipal de Assist\u00eancia Social (SMAS), informa que o per\u00edodo de reinser\u00e7\u00e3o de crian\u00e7as e adolescentes nos Servi\u00e7os de Conviv\u00eancia e Fortalecimento de V\u00ednculos (SCFV) para o ano de 2026 encerra-se nesta quinta-feira, 22 de janeiro. O chamamento \u00e9 destinado \u00e0s fam\u00edlias que participavam dos servi\u00e7os em [&hellip;]<\/p>\n","protected":false},"author":5,"featured_media":42799,"comment_status":"open","ping_status":"open","sticky":false,"template":"","format":"standard","meta":{"om_disable_all_campaigns":false,"_monsterinsights_skip_tracking":false,"_monsterinsights_sitenote_active":false,"_monsterinsights_sitenote_note":"","_monsterinsights_sitenote_category":0,"footnotes":""},"categories":[30,32,266,193,48],"tags":[],"aioseo_notices":[],"_links":{"self":[{"href":"https:\/\/expressaoms.com.br\/index.php\/wp-json\/wp\/v2\/posts\/42798"}],"collection":[{"href":"https:\/\/expressaoms.com.br\/index.php\/wp-json\/wp\/v2\/posts"}],"about":[{"href":"https:\/\/expressaoms.com.br\/index.php\/wp-json\/wp\/v2\/types\/post"}],"author":[{"embeddable":true,"href":"https:\/\/expressaoms.com.br\/index.php\/wp-json\/wp\/v2\/users\/5"}],"replies":[{"embeddable":true,"href":"https:\/\/expressaoms.com.br\/index.php\/wp-json\/wp\/v2\/comments?post=42798"}],"version-history":[{"count":1,"href":"https:\/\/expressaoms.com.br\/index.php\/wp-json\/wp\/v2\/posts\/42798\/revisions"}],"predecessor-version":[{"id":42800,"href":"https:\/\/expressaoms.com.br\/index.php\/wp-json\/wp\/v2\/posts\/42798\/revisions\/42800"}],"wp:featuredmedia":[{"embeddable":true,"href":"https:\/\/expressaoms.com.br\/index.php\/wp-json\/wp\/v2\/media\/42799"}],"wp:attachment":[{"href":"https:\/\/expressaoms.com.br\/index.php\/wp-json\/wp\/v2\/media?parent=42798"}],"wp:term":[{"taxonomy":"category","embeddable":true,"href":"https:\/\/expressaoms.com.br\/index.php\/wp-json\/wp\/v2\/categories?post=42798"},{"taxonomy":"post_tag","embeddable":true,"href":"https:\/\/expressaoms.com.br\/index.php\/wp-json\/wp\/v2\/tags?post=42798"}],"curies":[{"name":"wp","href":"https:\/\/api.w.org\/{rel}","templated":true}]}}