{"id":42817,"date":"2026-01-20T08:50:42","date_gmt":"2026-01-20T12:50:42","guid":{"rendered":"https:\/\/expressaoms.com.br\/?p=42817"},"modified":"2026-01-20T08:50:42","modified_gmt":"2026-01-20T12:50:42","slug":"prefeitura-de-tres-lagoas-divulga-gabarito-preliminar-do-processo-seletivo-da-educacao","status":"publish","type":"post","link":"https:\/\/expressaoms.com.br\/index.php\/2026\/01\/20\/prefeitura-de-tres-lagoas-divulga-gabarito-preliminar-do-processo-seletivo-da-educacao\/","title":{"rendered":"Prefeitura de Tr\u00eas Lagoas divulga gabarito preliminar do processo seletivo da educa\u00e7\u00e3o"},"content":{"rendered":"<p>A Prefeitura Municipal informa que est\u00e3o dispon\u00edveis o gabarito preliminar e os cadernos de prova do processo seletivo destinado \u00e0 contrata\u00e7\u00e3o de profissionais para a \u00e1rea da educa\u00e7\u00e3o, realizado no \u00faltimo domingo, 18 de janeiro. \u00c9 poss\u00edvel acess\u00e1-los atrav\u00e9s do endere\u00e7o eletr\u00f4nico\u00a0<a href=\"https:\/\/www.avalia.org.br\/\">https:\/\/www.avalia.org.br\/<\/a>\u00a0na aba \u201c\u00c1REA DO CANDIDATO\u201d.<\/p>\n<p><strong>SOBRE A REALIZA\u00c7\u00c3O DAS PROVAS<\/strong><\/p>\n<p>A aplica\u00e7\u00e3o das provas foi feita em dois turnos, matutino e vespertino, e contou com centenas de candidatos que concorreram a cargos de n\u00edvel m\u00e9dio e superior.<\/p>\n<p>Na manh\u00e3 do dia 18 de janeiro, a abertura dos port\u00f5es aconteceu \u00e0s 7h, com in\u00edcio das provas \u00e0s 8h15. Os candidatos presentes concorreram a cargos de n\u00edvel superior. Os n\u00fameros finais foram:<\/p>\n<p><strong>Inscritos:<\/strong>\u00a02.539<br \/>\n<strong>Presentes:<\/strong>\u00a02.147<br \/>\n<strong>Ausentes:<\/strong>\u00a0392 (15,44% dos inscritos)<\/p>\n<p>J\u00e1 no per\u00edodo da tarde, a abertura dos port\u00f5es foi \u00e0s 13h, com in\u00edcio das provas \u00e0s 14h15. Os candidatos concorreram para cargos do n\u00edvel m\u00e9dio, totalizando:<\/p>\n<p><strong>Inscritos:<\/strong>\u00a02.098<br \/>\n<strong>Presentes:<\/strong>\u00a01542<br \/>\n<strong>Ausentes:<\/strong>\u00a0556 (26,50% dos inscritos)<\/p>\n<p>Ao todo, foram 4.637 inscritos, sendo que 3.689 estiveram presentes para a realiza\u00e7\u00e3o das provas.<\/p>\n","protected":false},"excerpt":{"rendered":"<p>A Prefeitura Municipal informa que est\u00e3o dispon\u00edveis o gabarito preliminar e os cadernos de prova do processo seletivo destinado \u00e0 contrata\u00e7\u00e3o de profissionais para a \u00e1rea da educa\u00e7\u00e3o, realizado no \u00faltimo domingo, 18 de janeiro. \u00c9 poss\u00edvel acess\u00e1-los atrav\u00e9s do endere\u00e7o eletr\u00f4nico\u00a0https:\/\/www.avalia.org.br\/\u00a0na aba \u201c\u00c1REA DO CANDIDATO\u201d. SOBRE A REALIZA\u00c7\u00c3O DAS PROVAS A aplica\u00e7\u00e3o das provas [&hellip;]<\/p>\n","protected":false},"author":5,"featured_media":42818,"comment_status":"open","ping_status":"open","sticky":false,"template":"","format":"standard","meta":{"om_disable_all_campaigns":false,"_monsterinsights_skip_tracking":false,"_monsterinsights_sitenote_active":false,"_monsterinsights_sitenote_note":"","_monsterinsights_sitenote_category":0,"footnotes":""},"categories":[30,32,266,193,48],"tags":[],"aioseo_notices":[],"_links":{"self":[{"href":"https:\/\/expressaoms.com.br\/index.php\/wp-json\/wp\/v2\/posts\/42817"}],"collection":[{"href":"https:\/\/expressaoms.com.br\/index.php\/wp-json\/wp\/v2\/posts"}],"about":[{"href":"https:\/\/expressaoms.com.br\/index.php\/wp-json\/wp\/v2\/types\/post"}],"author":[{"embeddable":true,"href":"https:\/\/expressaoms.com.br\/index.php\/wp-json\/wp\/v2\/users\/5"}],"replies":[{"embeddable":true,"href":"https:\/\/expressaoms.com.br\/index.php\/wp-json\/wp\/v2\/comments?post=42817"}],"version-history":[{"count":1,"href":"https:\/\/expressaoms.com.br\/index.php\/wp-json\/wp\/v2\/posts\/42817\/revisions"}],"predecessor-version":[{"id":42819,"href":"https:\/\/expressaoms.com.br\/index.php\/wp-json\/wp\/v2\/posts\/42817\/revisions\/42819"}],"wp:featuredmedia":[{"embeddable":true,"href":"https:\/\/expressaoms.com.br\/index.php\/wp-json\/wp\/v2\/media\/42818"}],"wp:attachment":[{"href":"https:\/\/expressaoms.com.br\/index.php\/wp-json\/wp\/v2\/media?parent=42817"}],"wp:term":[{"taxonomy":"category","embeddable":true,"href":"https:\/\/expressaoms.com.br\/index.php\/wp-json\/wp\/v2\/categories?post=42817"},{"taxonomy":"post_tag","embeddable":true,"href":"https:\/\/expressaoms.com.br\/index.php\/wp-json\/wp\/v2\/tags?post=42817"}],"curies":[{"name":"wp","href":"https:\/\/api.w.org\/{rel}","templated":true}]}}