{"id":42820,"date":"2026-01-20T09:05:13","date_gmt":"2026-01-20T13:05:13","guid":{"rendered":"https:\/\/expressaoms.com.br\/?p=42820"},"modified":"2026-01-20T09:05:13","modified_gmt":"2026-01-20T13:05:13","slug":"metodos-contraceptivos-saiba-como-acessar-diu-e-implante-subdermico-pelo-sus-em-ms","status":"publish","type":"post","link":"https:\/\/expressaoms.com.br\/index.php\/2026\/01\/20\/metodos-contraceptivos-saiba-como-acessar-diu-e-implante-subdermico-pelo-sus-em-ms\/","title":{"rendered":"M\u00e9todos contraceptivos: saiba como acessar DIU e implante subd\u00e9rmico pelo SUS em MS"},"content":{"rendered":"<p>Com investimento do Governo de Mato Grosso do Sul, por meio da SES (Secretaria de Estado de Sa\u00fade), o Estado garante a oferta gratuita dos LARCs (sigla em ingl\u00eas para m\u00e9todos contraceptivos de longa dura\u00e7\u00e3o) pelo SUS (Sistema \u00danico de Sa\u00fade). O acesso aos m\u00e9todos acontece a partir das UBSs (Unidades B\u00e1sicas de Sa\u00fade) dos munic\u00edpios, nas quais a mulher recebe orienta\u00e7\u00e3o, passa por consulta com a equipe de sa\u00fade e inicia o acompanhamento necess\u00e1rio para a escolha do m\u00e9todo mais adequado.<\/p>\n<p><a href=\"https:\/\/www.saude.ms.gov.br\/wp-content\/uploads\/2026\/01\/acao-de-insercao-LARCs-FotoDivulgacaoSES-11-12-2025-12-1024x576-1-e1768569036342.jpeg\"><img fetchpriority=\"high\" decoding=\"async\" class=\"alignright wp-image-44446\" src=\"https:\/\/www.saude.ms.gov.br\/wp-content\/uploads\/2026\/01\/acao-de-insercao-LARCs-FotoDivulgacaoSES-11-12-2025-12-1024x576-1-e1768569036342.jpeg\" alt=\"\" width=\"498\" height=\"339\" \/><\/a>O primeiro atendimento ocorre nas unidades b\u00e1sicas de sa\u00fade, por meio de consulta com a equipe de sa\u00fade, especialmente com enfermeiros e m\u00e9dicos. Nesse momento, a mulher pode expressar seu desejo em rela\u00e7\u00e3o ao m\u00e9todo contraceptivo e receber todas as orienta\u00e7\u00f5es necess\u00e1rias.<\/p>\n<p>\u201cDurante a consulta, a mulher \u00e9 orientada, fala sobre o desejo dela em rela\u00e7\u00e3o ao m\u00e9todo e recebe todas as informa\u00e7\u00f5es: os pr\u00f3s, os contras, como funciona o procedimento e quais documentos s\u00e3o necess\u00e1rios\u201d, explica a enfermeira e gerente de Sa\u00fade da Mulher da SES, Francielly Rosiani da Silva.<\/p>\n<p>Nesse processo, s\u00e3o explicados detalhes sobre o procedimento, poss\u00edveis efeitos e a necessidade de acompanhamento ap\u00f3s a inser\u00e7\u00e3o ou in\u00edcio do uso do m\u00e9todo, garantindo seguran\u00e7a e continuidade do cuidado, sempre respeitando a decis\u00e3o da mulher.<\/p>\n<p>Em muitos munic\u00edpios, a inser\u00e7\u00e3o j\u00e1 ocorre na pr\u00f3pria UBS, desde que a unidade disponha de profissionais capacitados e estrutura adequada. Em outros casos, a Secretaria Municipal de Sa\u00fade organiza unidades de refer\u00eancia para a realiza\u00e7\u00e3o do procedimento.<\/p>\n<p><strong>Pol\u00edtica p\u00fablica efetiva<\/strong><br \/>\n<a href=\"https:\/\/www.saude.ms.gov.br\/wp-content\/uploads\/2026\/01\/acao-de-insercao-LARCs-FotoDivulgacaoSES-11-12-2025-10-1024x576-1.jpeg\"><img decoding=\"async\" class=\"alignleft wp-image-44447\" src=\"https:\/\/www.saude.ms.gov.br\/wp-content\/uploads\/2026\/01\/acao-de-insercao-LARCs-FotoDivulgacaoSES-11-12-2025-10-1024x576-1.jpeg\" alt=\"\" width=\"539\" height=\"303\" \/><\/a>A Secretaria de Estado de Sa\u00fade orienta que a mulher procure o posto de sa\u00fade onde j\u00e1 \u00e9 cadastrada e acompanhada. Esse v\u00ednculo facilita o atendimento e fortalece o acompanhamento ao longo do tempo. \u201cO ideal \u00e9 que ela v\u00e1 ao posto onde j\u00e1 faz acompanhamento, onde recebe a visita do agente comunit\u00e1rio de sa\u00fade e onde a equipe j\u00e1 conhece a fam\u00edlia e o territ\u00f3rio. Isso torna o atendimento mais pr\u00f3ximo e facilita todo o processo\u201d, refor\u00e7a Francielly.<\/p>\n<p>Caso seja necess\u00e1rio, a pr\u00f3pria UBS realiza os encaminhamentos dentro da rede do SUS, garantindo que a mulher continue sendo acompanhada.<\/p>\n<p>Nos \u00faltimos anos, a estrat\u00e9gia do Governo de MS de ampliar a oferta de m\u00e9todos contraceptivos de longa dura\u00e7\u00e3o como DIU e implantes subd\u00e9rmicos, aliada \u00e0 qualifica\u00e7\u00e3o de profissionais da rede p\u00fablica, vem apresentando resultados importantes.<\/p>\n<p>A SES intensificou capacita\u00e7\u00f5es e a distribui\u00e7\u00e3o dos m\u00e9todos, fortalecendo a atua\u00e7\u00e3o da Aten\u00e7\u00e3o B\u00e1sica e qualificando equipes para inser\u00e7\u00e3o destes procedimentos nas unidades de sa\u00fade.<br \/>\nEsse movimento integrado contribuiu para que, entre 2022 e 2025, a taxa de gravidez na adolesc\u00eancia em MS tenha ca\u00eddo de 14,92% para 12,65%, contrariando a tend\u00eancia nacional e marcando a menor taxa registrada na \u00faltima d\u00e9cada \u2014 reflexo da pol\u00edtica p\u00fablica que amplia o acesso, promove educa\u00e7\u00e3o e fortalece a autonomia das mulheres em todo o Estado.<\/p>\n","protected":false},"excerpt":{"rendered":"<p>Com investimento do Governo de Mato Grosso do Sul, por meio da SES (Secretaria de Estado de Sa\u00fade), o Estado garante a oferta gratuita dos LARCs (sigla em ingl\u00eas para m\u00e9todos contraceptivos de longa dura\u00e7\u00e3o) pelo SUS (Sistema \u00danico de Sa\u00fade). O acesso aos m\u00e9todos acontece a partir das UBSs (Unidades B\u00e1sicas de Sa\u00fade) dos [&hellip;]<\/p>\n","protected":false},"author":5,"featured_media":42821,"comment_status":"open","ping_status":"open","sticky":false,"template":"","format":"standard","meta":{"om_disable_all_campaigns":false,"_monsterinsights_skip_tracking":false,"_monsterinsights_sitenote_active":false,"_monsterinsights_sitenote_note":"","_monsterinsights_sitenote_category":0,"footnotes":""},"categories":[30,266,193,44],"tags":[],"aioseo_notices":[],"_links":{"self":[{"href":"https:\/\/expressaoms.com.br\/index.php\/wp-json\/wp\/v2\/posts\/42820"}],"collection":[{"href":"https:\/\/expressaoms.com.br\/index.php\/wp-json\/wp\/v2\/posts"}],"about":[{"href":"https:\/\/expressaoms.com.br\/index.php\/wp-json\/wp\/v2\/types\/post"}],"author":[{"embeddable":true,"href":"https:\/\/expressaoms.com.br\/index.php\/wp-json\/wp\/v2\/users\/5"}],"replies":[{"embeddable":true,"href":"https:\/\/expressaoms.com.br\/index.php\/wp-json\/wp\/v2\/comments?post=42820"}],"version-history":[{"count":1,"href":"https:\/\/expressaoms.com.br\/index.php\/wp-json\/wp\/v2\/posts\/42820\/revisions"}],"predecessor-version":[{"id":42822,"href":"https:\/\/expressaoms.com.br\/index.php\/wp-json\/wp\/v2\/posts\/42820\/revisions\/42822"}],"wp:featuredmedia":[{"embeddable":true,"href":"https:\/\/expressaoms.com.br\/index.php\/wp-json\/wp\/v2\/media\/42821"}],"wp:attachment":[{"href":"https:\/\/expressaoms.com.br\/index.php\/wp-json\/wp\/v2\/media?parent=42820"}],"wp:term":[{"taxonomy":"category","embeddable":true,"href":"https:\/\/expressaoms.com.br\/index.php\/wp-json\/wp\/v2\/categories?post=42820"},{"taxonomy":"post_tag","embeddable":true,"href":"https:\/\/expressaoms.com.br\/index.php\/wp-json\/wp\/v2\/tags?post=42820"}],"curies":[{"name":"wp","href":"https:\/\/api.w.org\/{rel}","templated":true}]}}