{"id":42826,"date":"2026-01-20T09:32:10","date_gmt":"2026-01-20T13:32:10","guid":{"rendered":"https:\/\/expressaoms.com.br\/?p=42826"},"modified":"2026-01-20T09:32:10","modified_gmt":"2026-01-20T13:32:10","slug":"policia-militar-apreende-dois-adolescentes-e-recupera-bicicleta-eletrica-furtada-em-tres-lagoas","status":"publish","type":"post","link":"https:\/\/expressaoms.com.br\/index.php\/2026\/01\/20\/policia-militar-apreende-dois-adolescentes-e-recupera-bicicleta-eletrica-furtada-em-tres-lagoas\/","title":{"rendered":"Pol\u00edcia Militar apreende dois adolescentes e recupera bicicleta el\u00e9trica furtada em Tr\u00eas Lagoas"},"content":{"rendered":"<p class=\"ds-markdown-paragraph\">A For\u00e7a T\u00e1tica do 2\u00ba Batalh\u00e3o da Pol\u00edcia Militar apreendeu, na noite desta sexta-feira (16), dois adolescentes, de 14 e 17 anos, suspeitos de envolvimento no furto de uma bicicleta el\u00e9trica no bairro Jardim Cangalha, em Tr\u00eas Lagoas. O ve\u00edculo foi recuperado durante a a\u00e7\u00e3o, ap\u00f3s a pr\u00f3pria v\u00edtima ter localizado o bem e identificado um dos suspeitos.<\/p>\n<p class=\"ds-markdown-paragraph\">De acordo com informa\u00e7\u00f5es da PM, o atendimento foi acionado por volta das 20h30 atrav\u00e9s do Centro de Opera\u00e7\u00f5es Policiais Militares (COPOM), com registro de ocorr\u00eancia na Rua Jos\u00e9 Amin. No local, a v\u00edtima relatou aos policiais que, ao longo do dia, recebeu informa\u00e7\u00f5es de amigos de que sua bicicleta el\u00e9trica furtada estaria com um adolescente de 14 anos, morador do bairro Vila Nova, nas proximidades do local do crime.<\/p>\n<p class=\"ds-markdown-paragraph\">Com o endere\u00e7o em m\u00e3os, a v\u00edtima foi at\u00e9 a resid\u00eancia indicada, acompanhada do namorado e de um amigo. A av\u00f3 do menor confirmou a presen\u00e7a de uma bicicleta el\u00e9trica na casa, mas n\u00e3o soube informar sua proced\u00eancia. Diante da situa\u00e7\u00e3o, a Pol\u00edcia Militar foi acionada.<\/p>\n<p class=\"ds-markdown-paragraph\">Na abordagem, os policiais encontraram o adolescente de 14 anos na companhia de outro jovem, de 17. Durante a averigua\u00e7\u00e3o, o menor de idade relatou que ele e o amigo teriam &#8220;encontrado&#8221; a bicicleta encostada no muro de uma resid\u00eancia no Vila Nova e, ao n\u00e3o verem ningu\u00e9m por perto, decidiram lev\u00e1-la.<\/p>\n<p class=\"ds-markdown-paragraph\">Os policiais tamb\u00e9m constataram que o adolescente de 17 anos estava com outra bicicleta el\u00e9trica, que n\u00e3o possu\u00eda registro de furto ou roubo em bases policiais. No entanto, durante o interrogat\u00f3rio, ambos admitiram ter realizado a troca de pe\u00e7as entre os dois ve\u00edculos.<\/p>\n<p class=\"ds-markdown-paragraph\">Diante dos fatos, os dois adolescentes foram apreendidos em flagrante pela pr\u00e1tica de furto. A bicicleta el\u00e9trica furtada e a outra utilizada na troca de pe\u00e7as tamb\u00e9m foram apreendidas.<\/p>\n<p class=\"ds-markdown-paragraph\">A duota foi encaminhada \u00e0 Delegacia de Pronto Atendimento Comunit\u00e1rio (DEPAC), onde ficou \u00e0 disposi\u00e7\u00e3o da autoridade policial para as provid\u00eancias cab\u00edveis, que incluem a responsabiliza\u00e7\u00e3o por ato infracional an\u00e1logo ao crime de furto. O caso segue sob investiga\u00e7\u00e3o para verificar a origem da segunda bicicleta el\u00e9trica e a possibilidade de envolvimento dos jovens em outros ocorr\u00eancias similares.<\/p>\n","protected":false},"excerpt":{"rendered":"<p>A For\u00e7a T\u00e1tica do 2\u00ba Batalh\u00e3o da Pol\u00edcia Militar apreendeu, na noite desta sexta-feira (16), dois adolescentes, de 14 e 17 anos, suspeitos de envolvimento no furto de uma bicicleta el\u00e9trica no bairro Jardim Cangalha, em Tr\u00eas Lagoas. O ve\u00edculo foi recuperado durante a a\u00e7\u00e3o, ap\u00f3s a pr\u00f3pria v\u00edtima ter localizado o bem e identificado [&hellip;]<\/p>\n","protected":false},"author":5,"featured_media":42827,"comment_status":"open","ping_status":"open","sticky":false,"template":"","format":"standard","meta":{"om_disable_all_campaigns":false,"_monsterinsights_skip_tracking":false,"_monsterinsights_sitenote_active":false,"_monsterinsights_sitenote_note":"","_monsterinsights_sitenote_category":0,"footnotes":""},"categories":[30,266,41,193,48],"tags":[],"aioseo_notices":[],"_links":{"self":[{"href":"https:\/\/expressaoms.com.br\/index.php\/wp-json\/wp\/v2\/posts\/42826"}],"collection":[{"href":"https:\/\/expressaoms.com.br\/index.php\/wp-json\/wp\/v2\/posts"}],"about":[{"href":"https:\/\/expressaoms.com.br\/index.php\/wp-json\/wp\/v2\/types\/post"}],"author":[{"embeddable":true,"href":"https:\/\/expressaoms.com.br\/index.php\/wp-json\/wp\/v2\/users\/5"}],"replies":[{"embeddable":true,"href":"https:\/\/expressaoms.com.br\/index.php\/wp-json\/wp\/v2\/comments?post=42826"}],"version-history":[{"count":1,"href":"https:\/\/expressaoms.com.br\/index.php\/wp-json\/wp\/v2\/posts\/42826\/revisions"}],"predecessor-version":[{"id":42828,"href":"https:\/\/expressaoms.com.br\/index.php\/wp-json\/wp\/v2\/posts\/42826\/revisions\/42828"}],"wp:featuredmedia":[{"embeddable":true,"href":"https:\/\/expressaoms.com.br\/index.php\/wp-json\/wp\/v2\/media\/42827"}],"wp:attachment":[{"href":"https:\/\/expressaoms.com.br\/index.php\/wp-json\/wp\/v2\/media?parent=42826"}],"wp:term":[{"taxonomy":"category","embeddable":true,"href":"https:\/\/expressaoms.com.br\/index.php\/wp-json\/wp\/v2\/categories?post=42826"},{"taxonomy":"post_tag","embeddable":true,"href":"https:\/\/expressaoms.com.br\/index.php\/wp-json\/wp\/v2\/tags?post=42826"}],"curies":[{"name":"wp","href":"https:\/\/api.w.org\/{rel}","templated":true}]}}