{"id":42829,"date":"2026-01-20T10:32:30","date_gmt":"2026-01-20T14:32:30","guid":{"rendered":"https:\/\/expressaoms.com.br\/?p=42829"},"modified":"2026-01-20T09:36:35","modified_gmt":"2026-01-20T13:36:35","slug":"cadu-xavier-jornalista-de-tres-lagoas-lanca-livro-de-poesias-o-eu-perdido-em-pre-venda-exclusiva","status":"publish","type":"post","link":"https:\/\/expressaoms.com.br\/index.php\/2026\/01\/20\/cadu-xavier-jornalista-de-tres-lagoas-lanca-livro-de-poesias-o-eu-perdido-em-pre-venda-exclusiva\/","title":{"rendered":"Cadu Xavier, jornalista de Tr\u00eas Lagoas, lan\u00e7a livro de poesias \u201cO Eu Perdido\u201d em pr\u00e9-venda exclusiva"},"content":{"rendered":"<p class=\"ds-markdown-paragraph\">O jornalista e artista tr\u00eas-lagoense\u00a0Cadu Xavier\u00a0est\u00e1 lan\u00e7ando seu primeiro livro solo, intitulado\u00a0\u201cO Eu Perdido\u201d, uma obra po\u00e9tica que mergulha nas profundezas do autoconhecimento e da identidade. O projeto, inteiramente produzido na cidade, com ilustra\u00e7\u00f5es da fot\u00f3grafa local\u00a0Gabriela Fernandes, representa um marco na trajet\u00f3ria do autor e um presente para a cena cultural da regi\u00e3o.<\/p>\n<p class=\"ds-markdown-paragraph\">A obra re\u00fane cerca de 60 poemas escritos entre os 17 e 19 anos, per\u00edodo em que o autor buscava organizar \u201ca bagun\u00e7a da mente\u201d e reencontrar seu caminho. Com linguagem acess\u00edvel e sens\u00edvel, o livro convida o leitor a refletir sobre temas universais como liberdade, significado e a pr\u00f3pria jornada pessoal.<\/p>\n<blockquote>\n<p class=\"ds-markdown-paragraph\">\u201cEste livro \u00e9 para todos que j\u00e1 se sentiram perdidos ou est\u00e3o em busca de si mesmos. \u00c9 uma companhia, n\u00e3o um consolo\u201d, define Cadu, que j\u00e1 teve textos publicados em mais de 20 antologias, mas agora celebra a conquista de um trabalho autoral independente.<\/p>\n<\/blockquote>\n<p class=\"ds-markdown-paragraph\">At\u00e9 esta quinta-feira, o livro est\u00e1 em pr\u00e9-venda com condi\u00e7\u00f5es especiais: quem garantir seu exemplar nesse per\u00edodo receber\u00e1 um livro\u00a0autografado, um\u00a0marca-p\u00e1gina exclusivo, as artes internas da obra e um\u00a0mimo especial. A venda \u00e9 realizada atrav\u00e9s do site da\u00a0Editora Perp\u00e9tuo, e o link direto est\u00e1 dispon\u00edvel em:\u00a0<a href=\"http:\/\/www.linktr.ee\/cadupxavier\" target=\"_blank\" rel=\"noopener noreferrer\">www.linktr.ee\/cadupxavier<\/a>.<\/p>\n<p class=\"ds-markdown-paragraph\">Natural de Assis (SP), Cadu Xavier radicou-se em Tr\u00eas Lagoas, onde consolidou sua carreira n\u00e3o apenas como jornalista, mas como ator, escritor e realizador audiovisual. Participou de pe\u00e7as teatrais como \u201cMigraantes\u201d e \u201cA Trag\u00e9dia dos Malfalados\u201d, e em 2025 dirigiu, roteirizou e atuou no curta-metragem \u201cPonto Final\u201d, produ\u00e7\u00e3o 100% tr\u00eas-lagoense que j\u00e1 acumula\u00a09 pr\u00eamios em festivais nacionais e internacionais.<\/p>\n<p class=\"ds-markdown-paragraph\">Ap\u00f3s um per\u00edodo distante da escrita po\u00e9tica, Cadu retomou sua produ\u00e7\u00e3o liter\u00e1ria em 2024, integrando diversas antologias e sendo finalista do concurso da\u00a0I Feira Liter\u00e1ria Inclusiva (FLI 2024). Agora, com \u201cO Eu Perdido\u201d, ele materializa um sonho antigo e convida a comunidade a fazer parte desse marco.<\/p>\n<p class=\"ds-markdown-paragraph\">A pr\u00e9-venda \u00e9 uma oportunidade para valorizar a produ\u00e7\u00e3o cultural de Tr\u00eas Lagoas e apoiar um artista que coloca a cidade no mapa das artes e da literatura. Interessados podem entrar em contato direto com o autor pelo WhatsApp <strong>(67) 98444-6669<\/strong>\u00a0ou pelo Instagram\u00a0<strong>@cadupxavier<\/strong>.<\/p>\n","protected":false},"excerpt":{"rendered":"<p>O jornalista e artista tr\u00eas-lagoense\u00a0Cadu Xavier\u00a0est\u00e1 lan\u00e7ando seu primeiro livro solo, intitulado\u00a0\u201cO Eu Perdido\u201d, uma obra po\u00e9tica que mergulha nas profundezas do autoconhecimento e da identidade. O projeto, inteiramente produzido na cidade, com ilustra\u00e7\u00f5es da fot\u00f3grafa local\u00a0Gabriela Fernandes, representa um marco na trajet\u00f3ria do autor e um presente para a cena cultural da regi\u00e3o. A [&hellip;]<\/p>\n","protected":false},"author":5,"featured_media":42830,"comment_status":"open","ping_status":"open","sticky":false,"template":"","format":"standard","meta":{"om_disable_all_campaigns":false,"_monsterinsights_skip_tracking":false,"_monsterinsights_sitenote_active":false,"_monsterinsights_sitenote_note":"","_monsterinsights_sitenote_category":0,"footnotes":""},"categories":[30,269,266,193,48],"tags":[],"aioseo_notices":[],"_links":{"self":[{"href":"https:\/\/expressaoms.com.br\/index.php\/wp-json\/wp\/v2\/posts\/42829"}],"collection":[{"href":"https:\/\/expressaoms.com.br\/index.php\/wp-json\/wp\/v2\/posts"}],"about":[{"href":"https:\/\/expressaoms.com.br\/index.php\/wp-json\/wp\/v2\/types\/post"}],"author":[{"embeddable":true,"href":"https:\/\/expressaoms.com.br\/index.php\/wp-json\/wp\/v2\/users\/5"}],"replies":[{"embeddable":true,"href":"https:\/\/expressaoms.com.br\/index.php\/wp-json\/wp\/v2\/comments?post=42829"}],"version-history":[{"count":1,"href":"https:\/\/expressaoms.com.br\/index.php\/wp-json\/wp\/v2\/posts\/42829\/revisions"}],"predecessor-version":[{"id":42831,"href":"https:\/\/expressaoms.com.br\/index.php\/wp-json\/wp\/v2\/posts\/42829\/revisions\/42831"}],"wp:featuredmedia":[{"embeddable":true,"href":"https:\/\/expressaoms.com.br\/index.php\/wp-json\/wp\/v2\/media\/42830"}],"wp:attachment":[{"href":"https:\/\/expressaoms.com.br\/index.php\/wp-json\/wp\/v2\/media?parent=42829"}],"wp:term":[{"taxonomy":"category","embeddable":true,"href":"https:\/\/expressaoms.com.br\/index.php\/wp-json\/wp\/v2\/categories?post=42829"},{"taxonomy":"post_tag","embeddable":true,"href":"https:\/\/expressaoms.com.br\/index.php\/wp-json\/wp\/v2\/tags?post=42829"}],"curies":[{"name":"wp","href":"https:\/\/api.w.org\/{rel}","templated":true}]}}