{"id":42832,"date":"2026-01-20T11:36:44","date_gmt":"2026-01-20T15:36:44","guid":{"rendered":"https:\/\/expressaoms.com.br\/?p=42832"},"modified":"2026-01-20T09:38:00","modified_gmt":"2026-01-20T13:38:00","slug":"ses-debate-avancos-do-telessaude-e-implantacao-da-teleconsultoria-em-mato-grosso-do-sul","status":"publish","type":"post","link":"https:\/\/expressaoms.com.br\/index.php\/2026\/01\/20\/ses-debate-avancos-do-telessaude-e-implantacao-da-teleconsultoria-em-mato-grosso-do-sul\/","title":{"rendered":"SES debate avan\u00e7os do Telessa\u00fade e implanta\u00e7\u00e3o da teleconsultoria em Mato Grosso do Sul"},"content":{"rendered":"<p>Encontros realizados na Superintend\u00eancia de Sa\u00fade Digital da SES, reuniram equipes da Secretaria de Estado de Sa\u00fade, da Fiocruz\/MS (Funda\u00e7\u00e3o Oswaldo Cruz), da UFSC (Universidade Federal de Santa Catarina) e da Sesau (Secretaria Municipal de Sa\u00fade de Campo Grande) para discutir a implanta\u00e7\u00e3o da teleconsultoria ass\u00edncrona e o avan\u00e7o das ofertas de telessa\u00fade em Mato Grosso do Sul.<\/p>\n<p>Os encontros fizeram parte de uma visita t\u00e9cnica da equipe do Telessa\u00fade Santa Catarina\/UFSC e tiveram como foco a qualifica\u00e7\u00e3o do acesso \u00e0s especialidades, a redu\u00e7\u00e3o das filas de espera e a organiza\u00e7\u00e3o da rede assistencial, especialmente em um Estado com grande extens\u00e3o territorial e munic\u00edpios de pequeno porte.<\/p>\n<p>Para o Secret\u00e1rio de Estado de Sa\u00fade, Maur\u00edcio Sim\u00f5es, a sa\u00fade digital \u00e9 estrat\u00e9gica para garantir acesso especializado de forma equitativa. \u201cA telessa\u00fade \u00e9 essencial para um Estado com grandes dist\u00e2ncias e munic\u00edpios menores. Ela melhora o acesso, reduz custos e torna o sistema mais eficiente\u201d, destacou.<\/p>\n<p>Durante as discuss\u00f5es, tamb\u00e9m foi refor\u00e7ada a import\u00e2ncia do fortalecimento da Aten\u00e7\u00e3o Prim\u00e1ria como eixo estruturante do sistema. O secret\u00e1rio municipal de Sa\u00fade de Campo Grande, Marcelo Vilela, ressaltou que a organiza\u00e7\u00e3o da porta de entrada \u00e9 decisiva para enfrentar as filas. \u201cFortalecer a Aten\u00e7\u00e3o Prim\u00e1ria \u00e9 fundamental para reduzir encaminhamentos desnecess\u00e1rios e a sobrecarga da rede. \u00c9 um trabalho cont\u00ednuo, que exige planejamento e parceria\u201d, afirmou.<\/p>\n<p>Entre as principais propostas debatidas est\u00e1 a implanta\u00e7\u00e3o da teleconsultoria ass\u00edncrona, modelo em que o acesso inicial ocorre por teleatendimento antes do encaminhamento presencial ao especialista. Segundo a Superintendente de Sa\u00fade Digital da SES, M\u00e1rcia Tomasi, a iniciativa come\u00e7a pela endocrinologia em Campo Grande. \u201cEstamos avan\u00e7ando na implanta\u00e7\u00e3o da teleconsultoria ass\u00edncrona, com in\u00edcio na endocrinologia e perspectiva de expans\u00e3o gradual para outros munic\u00edpios e especialidades\u201d, explicou.<\/p>\n<p>A experi\u00eancia acumulada pela UFSC no Telessa\u00fade Brasil Redes tamb\u00e9m foi apresentada como refer\u00eancia para o Estado. O Consultor do N\u00facleo de Sa\u00fade Digital da UFSC, Marcos Maeyama, destacou o impacto do modelo na organiza\u00e7\u00e3o do acesso \u00e0s especialidades. \u201cA teleconsultoria permite qualificar o encaminhamento ao especialista, reduzir filas e dar mais efici\u00eancia ao fluxo assistencial. Essa experi\u00eancia vem sendo adaptada \u00e0 realidade de Mato Grosso do Sul, considerando as demandas locais e a capacidade da rede\u201d<em>,\u00a0<\/em>afirmou.<\/p>\n<p>J\u00e1 a pesquisadora em Sa\u00fade Digital e Telessa\u00fade da Fiocruz\/MS, Milene Dantas, ressaltou a contribui\u00e7\u00e3o da institui\u00e7\u00e3o para a amplia\u00e7\u00e3o das ofertas no Estado. \u201cA Fiocruz tem apoiado a expans\u00e3o das a\u00e7\u00f5es de telessa\u00fade, dentre elas, as teleconsultorias, qualificando a Aten\u00e7\u00e3o Prim\u00e1ria, ampliando e fortalecendo o cuidado especializado por meio da sa\u00fade digital\u201d, disse.<\/p>\n<p>A implanta\u00e7\u00e3o inicial ocorrer\u00e1 em Campo Grande, com previs\u00e3o de amplia\u00e7\u00e3o para outros munic\u00edpios do Estado conforme a disponibilidade de equipes, infraestrutura e profissionais especializados, fortalecendo a integra\u00e7\u00e3o entre Estado, munic\u00edpios e institui\u00e7\u00f5es parceiras.<\/p>\n","protected":false},"excerpt":{"rendered":"<p>Encontros realizados na Superintend\u00eancia de Sa\u00fade Digital da SES, reuniram equipes da Secretaria de Estado de Sa\u00fade, da Fiocruz\/MS (Funda\u00e7\u00e3o Oswaldo Cruz), da UFSC (Universidade Federal de Santa Catarina) e da Sesau (Secretaria Municipal de Sa\u00fade de Campo Grande) para discutir a implanta\u00e7\u00e3o da teleconsultoria ass\u00edncrona e o avan\u00e7o das ofertas de telessa\u00fade em Mato [&hellip;]<\/p>\n","protected":false},"author":5,"featured_media":42833,"comment_status":"open","ping_status":"open","sticky":false,"template":"","format":"standard","meta":{"om_disable_all_campaigns":false,"_monsterinsights_skip_tracking":false,"_monsterinsights_sitenote_active":false,"_monsterinsights_sitenote_note":"","_monsterinsights_sitenote_category":0,"footnotes":""},"categories":[30,266,193,44],"tags":[],"aioseo_notices":[],"_links":{"self":[{"href":"https:\/\/expressaoms.com.br\/index.php\/wp-json\/wp\/v2\/posts\/42832"}],"collection":[{"href":"https:\/\/expressaoms.com.br\/index.php\/wp-json\/wp\/v2\/posts"}],"about":[{"href":"https:\/\/expressaoms.com.br\/index.php\/wp-json\/wp\/v2\/types\/post"}],"author":[{"embeddable":true,"href":"https:\/\/expressaoms.com.br\/index.php\/wp-json\/wp\/v2\/users\/5"}],"replies":[{"embeddable":true,"href":"https:\/\/expressaoms.com.br\/index.php\/wp-json\/wp\/v2\/comments?post=42832"}],"version-history":[{"count":1,"href":"https:\/\/expressaoms.com.br\/index.php\/wp-json\/wp\/v2\/posts\/42832\/revisions"}],"predecessor-version":[{"id":42834,"href":"https:\/\/expressaoms.com.br\/index.php\/wp-json\/wp\/v2\/posts\/42832\/revisions\/42834"}],"wp:featuredmedia":[{"embeddable":true,"href":"https:\/\/expressaoms.com.br\/index.php\/wp-json\/wp\/v2\/media\/42833"}],"wp:attachment":[{"href":"https:\/\/expressaoms.com.br\/index.php\/wp-json\/wp\/v2\/media?parent=42832"}],"wp:term":[{"taxonomy":"category","embeddable":true,"href":"https:\/\/expressaoms.com.br\/index.php\/wp-json\/wp\/v2\/categories?post=42832"},{"taxonomy":"post_tag","embeddable":true,"href":"https:\/\/expressaoms.com.br\/index.php\/wp-json\/wp\/v2\/tags?post=42832"}],"curies":[{"name":"wp","href":"https:\/\/api.w.org\/{rel}","templated":true}]}}