{"id":42835,"date":"2026-01-20T13:24:23","date_gmt":"2026-01-20T17:24:23","guid":{"rendered":"https:\/\/expressaoms.com.br\/?p=42835"},"modified":"2026-01-20T13:24:23","modified_gmt":"2026-01-20T17:24:23","slug":"vereador-pede-derrubada-de-veto-e-amplia-isencao-sobre-iptu","status":"publish","type":"post","link":"https:\/\/expressaoms.com.br\/index.php\/2026\/01\/20\/vereador-pede-derrubada-de-veto-e-amplia-isencao-sobre-iptu\/","title":{"rendered":"Vereador pede derrubada de veto e amplia isen\u00e7\u00e3o sobre IPTU"},"content":{"rendered":"<p>O vereador Andr\u00e9 Salineiro (PL) solicitou que a C\u00e2mara Municipal de Campo Grande derrube o veto da prefeita Adriane Lopes ao Projeto de Lei n\u00ba 12.179\/2025, que amplia a faixa de isen\u00e7\u00e3o do Imposto sobre a Propriedade Predial e Territorial Urbana (IPTU) para fam\u00edlias de baixa renda, especialmente aquelas benefici\u00e1rias do programa Minha Casa Minha Vida.<\/p>\n<p>A proposta prev\u00ea o aumento do valor m\u00e1ximo do im\u00f3vel apto a receber a isen\u00e7\u00e3o, passando do teto atual de aproximadamente R$ 83 mil para R$ 100 mil. Segundo Salineiro, o valor vigente est\u00e1 defasado e n\u00e3o acompanha a realidade do mercado imobili\u00e1rio nem a situa\u00e7\u00e3o econ\u00f4mica das fam\u00edlias que dependem do benef\u00edcio.<\/p>\n<p>\u201cO valor de R$ 83 mil \u00e9 muito baixo. Os im\u00f3veis que hoje abrigam fam\u00edlias carentes, muitas com idosos e crian\u00e7as, custam mais do que isso. Estamos falando de pessoas de baixa renda, que n\u00e3o podem ser penalizadas com mais esse peso no or\u00e7amento\u201d, afirmou o vereador.<\/p>\n<p>O projeto \u00e9 de autoria dos vereadores Leinha (Avante), Papy (PSDB) e Andr\u00e9 Salineiro (PL). De acordo com o parlamentar, a atualiza\u00e7\u00e3o do limite representa uma medida de justi\u00e7a social e de adequa\u00e7\u00e3o \u00e0 atual conjuntura econ\u00f4mica.<\/p>\n<p>\u201cO IPTU n\u00e3o pode se tornar um fator de endividamento para quem j\u00e1 luta para manter as contas em dia. Esse valor precisa ser atualizado para garantir dignidade a essas fam\u00edlias\u201d, destacou Salineiro.<\/p>\n<p>O veto ao projeto foi publicado no Di\u00e1rio Oficial do Munic\u00edpio na \u00faltima sexta-feira (16) e ainda ser\u00e1 analisado pelos vereadores em plen\u00e1rio. A C\u00e2mara decidir\u00e1 pela manuten\u00e7\u00e3o ou derrubada do veto. Caso seja rejeitado, o texto ser\u00e1 promulgado pelo presidente do Legislativo municipal<\/p>\n","protected":false},"excerpt":{"rendered":"<p>O vereador Andr\u00e9 Salineiro (PL) solicitou que a C\u00e2mara Municipal de Campo Grande derrube o veto da prefeita Adriane Lopes ao Projeto de Lei n\u00ba 12.179\/2025, que amplia a faixa de isen\u00e7\u00e3o do Imposto sobre a Propriedade Predial e Territorial Urbana (IPTU) para fam\u00edlias de baixa renda, especialmente aquelas benefici\u00e1rias do programa Minha Casa Minha [&hellip;]<\/p>\n","protected":false},"author":5,"featured_media":42836,"comment_status":"open","ping_status":"open","sticky":false,"template":"","format":"standard","meta":{"om_disable_all_campaigns":false,"_monsterinsights_skip_tracking":false,"_monsterinsights_sitenote_active":false,"_monsterinsights_sitenote_note":"","_monsterinsights_sitenote_category":0,"footnotes":""},"categories":[27,30,266,42,193],"tags":[],"aioseo_notices":[],"_links":{"self":[{"href":"https:\/\/expressaoms.com.br\/index.php\/wp-json\/wp\/v2\/posts\/42835"}],"collection":[{"href":"https:\/\/expressaoms.com.br\/index.php\/wp-json\/wp\/v2\/posts"}],"about":[{"href":"https:\/\/expressaoms.com.br\/index.php\/wp-json\/wp\/v2\/types\/post"}],"author":[{"embeddable":true,"href":"https:\/\/expressaoms.com.br\/index.php\/wp-json\/wp\/v2\/users\/5"}],"replies":[{"embeddable":true,"href":"https:\/\/expressaoms.com.br\/index.php\/wp-json\/wp\/v2\/comments?post=42835"}],"version-history":[{"count":1,"href":"https:\/\/expressaoms.com.br\/index.php\/wp-json\/wp\/v2\/posts\/42835\/revisions"}],"predecessor-version":[{"id":42837,"href":"https:\/\/expressaoms.com.br\/index.php\/wp-json\/wp\/v2\/posts\/42835\/revisions\/42837"}],"wp:featuredmedia":[{"embeddable":true,"href":"https:\/\/expressaoms.com.br\/index.php\/wp-json\/wp\/v2\/media\/42836"}],"wp:attachment":[{"href":"https:\/\/expressaoms.com.br\/index.php\/wp-json\/wp\/v2\/media?parent=42835"}],"wp:term":[{"taxonomy":"category","embeddable":true,"href":"https:\/\/expressaoms.com.br\/index.php\/wp-json\/wp\/v2\/categories?post=42835"},{"taxonomy":"post_tag","embeddable":true,"href":"https:\/\/expressaoms.com.br\/index.php\/wp-json\/wp\/v2\/tags?post=42835"}],"curies":[{"name":"wp","href":"https:\/\/api.w.org\/{rel}","templated":true}]}}