{"id":42844,"date":"2026-01-20T16:18:57","date_gmt":"2026-01-20T20:18:57","guid":{"rendered":"https:\/\/expressaoms.com.br\/?p=42844"},"modified":"2026-01-20T13:33:05","modified_gmt":"2026-01-20T17:33:05","slug":"seturc-abre-inscricoes-para-matricula-e-rematriculas-dos-projetos-culturais-nesta-quarta-21","status":"publish","type":"post","link":"https:\/\/expressaoms.com.br\/index.php\/2026\/01\/20\/seturc-abre-inscricoes-para-matricula-e-rematriculas-dos-projetos-culturais-nesta-quarta-21\/","title":{"rendered":"SETURC abre inscri\u00e7\u00f5es para matr\u00edcula e rematr\u00edculas dos projetos culturais nesta quarta (21)"},"content":{"rendered":"<p>A Prefeitura de Tr\u00eas Lagoas, por meio da Secretaria Municipal de Turismo e Cultura (SETURC), inicia nesta quarta-feira, 21 de janeiro, o per\u00edodo de rematr\u00edculas e novas matr\u00edculas dos projetos culturais ofertados pelo munic\u00edpio. O prazo segue at\u00e9 o dia 30 de janeiro de 2026.<\/p>\n<p>As inscri\u00e7\u00f5es ser\u00e3o realizadas exclusivamente de forma presencial, na Secretaria Municipal de Turismo e Cultura, localizada na Avenida Ros\u00e1rio Congro, n\u00ba 560, no Centro, no pr\u00e9dio da antiga Esta\u00e7\u00e3o Ferrovi\u00e1ria, regi\u00e3o conhecida como \u00e1rea da NOB. As vagas s\u00e3o limitadas e preenchidas conforme a ordem de chegada.<\/p>\n<p>Para efetivar a matr\u00edcula ou rematr\u00edcula, os interessados devem apresentar c\u00f3pia dos seguintes documentos: RG, CPF, comprovante de resid\u00eancia, foto 3\u00d74 e comprovante de escolaridade. No caso de menores de idade, tamb\u00e9m ser\u00e1 necess\u00e1rio apresentar o documento do respons\u00e1vel legal.<\/p>\n<p>Cada aluno poder\u00e1 se inscrever em at\u00e9 duas modalidades, sendo vedada apenas a combina\u00e7\u00e3o de dois instrumentos musicais.<\/p>\n<p><strong>MODALIDADES OFERTADAS<\/strong><\/p>\n<p>As aulas acontecem nos per\u00edodos matutino, vespertino e noturno, de acordo com cada curso, respeitando a idade m\u00ednima exigida:<\/p>\n<p><strong>\u2022 Canto Coral<\/strong><br \/>\nMatutino e vespertino: a partir de 8 anos<br \/>\nNoturno: a partir de 16 anos<\/p>\n<p><strong>\u2022 Teclado, Acordeon e Viol\u00e3o<\/strong><br \/>\nMatutino e vespertino: a partir de 10 anos<\/p>\n<p><strong>\u2022 Violino<\/strong><br \/>\nMatutino, vespertino e noturno: a partir de 10 anos<\/p>\n<p><strong>\u2022 Viola Erudita e Violoncelo<\/strong><br \/>\nMatutino, vespertino e noturno: a partir de 12 anos<\/p>\n<p><strong>\u2022 Contrabaixo Ac\u00fastico<\/strong><br \/>\nMatutino, vespertino e noturno: a partir de 18 anos<\/p>\n<p><strong>\u2022 Ukulel\u00ea<\/strong><br \/>\nMatutino e vespertino: a partir de 8 anos<\/p>\n<p><strong>\u2022 Teatro<\/strong><br \/>\nMatutino e vespertino: de 12 a 15 anos<br \/>\nNoturno: a partir de 16 anos<\/p>\n<p><strong>\u2022 Pintura<\/strong><br \/>\nMatutino e vespertino: a partir de 10 anos<br \/>\nNoturno: a partir de 18 anos<\/p>\n<p><strong>\u2022 Desenho Art\u00edstico<\/strong><br \/>\nMatutino e vespertino: a partir de 8 anos<\/p>\n<p><strong>\u2022 Fotografia<\/strong><br \/>\nNoturno: a partir de 14 anos<\/p>\n<p><strong>\u2022 Ballet<\/strong><br \/>\nMatutino e vespertino: a partir de 5 anos<br \/>\n<strong>\u2022 Jazz<\/strong><br \/>\nMatutino e vespertino: a partir de 7 anos<\/p>\n<p>A SETURC destaca que os projetos culturais t\u00eam como finalidade democratizar o acesso \u00e0 arte, incentivar novos talentos e fortalecer a identidade cultural do munic\u00edpio, atendendo crian\u00e7as, jovens e adultos.<\/p>\n<p>Os interessados devem se atentar aos prazos e procurar a Diretoria de Cultura o quanto antes, em raz\u00e3o da quantidade limitada de vagas.<\/p>\n","protected":false},"excerpt":{"rendered":"<p>A Prefeitura de Tr\u00eas Lagoas, por meio da Secretaria Municipal de Turismo e Cultura (SETURC), inicia nesta quarta-feira, 21 de janeiro, o per\u00edodo de rematr\u00edculas e novas matr\u00edculas dos projetos culturais ofertados pelo munic\u00edpio. O prazo segue at\u00e9 o dia 30 de janeiro de 2026. As inscri\u00e7\u00f5es ser\u00e3o realizadas exclusivamente de forma presencial, na Secretaria [&hellip;]<\/p>\n","protected":false},"author":5,"featured_media":42845,"comment_status":"open","ping_status":"open","sticky":false,"template":"","format":"standard","meta":{"om_disable_all_campaigns":false,"_monsterinsights_skip_tracking":false,"_monsterinsights_sitenote_active":false,"_monsterinsights_sitenote_note":"","_monsterinsights_sitenote_category":0,"footnotes":""},"categories":[29,30,266,193,48],"tags":[],"aioseo_notices":[],"_links":{"self":[{"href":"https:\/\/expressaoms.com.br\/index.php\/wp-json\/wp\/v2\/posts\/42844"}],"collection":[{"href":"https:\/\/expressaoms.com.br\/index.php\/wp-json\/wp\/v2\/posts"}],"about":[{"href":"https:\/\/expressaoms.com.br\/index.php\/wp-json\/wp\/v2\/types\/post"}],"author":[{"embeddable":true,"href":"https:\/\/expressaoms.com.br\/index.php\/wp-json\/wp\/v2\/users\/5"}],"replies":[{"embeddable":true,"href":"https:\/\/expressaoms.com.br\/index.php\/wp-json\/wp\/v2\/comments?post=42844"}],"version-history":[{"count":1,"href":"https:\/\/expressaoms.com.br\/index.php\/wp-json\/wp\/v2\/posts\/42844\/revisions"}],"predecessor-version":[{"id":42846,"href":"https:\/\/expressaoms.com.br\/index.php\/wp-json\/wp\/v2\/posts\/42844\/revisions\/42846"}],"wp:featuredmedia":[{"embeddable":true,"href":"https:\/\/expressaoms.com.br\/index.php\/wp-json\/wp\/v2\/media\/42845"}],"wp:attachment":[{"href":"https:\/\/expressaoms.com.br\/index.php\/wp-json\/wp\/v2\/media?parent=42844"}],"wp:term":[{"taxonomy":"category","embeddable":true,"href":"https:\/\/expressaoms.com.br\/index.php\/wp-json\/wp\/v2\/categories?post=42844"},{"taxonomy":"post_tag","embeddable":true,"href":"https:\/\/expressaoms.com.br\/index.php\/wp-json\/wp\/v2\/tags?post=42844"}],"curies":[{"name":"wp","href":"https:\/\/api.w.org\/{rel}","templated":true}]}}