{"id":42847,"date":"2026-01-20T17:03:33","date_gmt":"2026-01-20T21:03:33","guid":{"rendered":"https:\/\/expressaoms.com.br\/?p=42847"},"modified":"2026-01-20T13:34:56","modified_gmt":"2026-01-20T17:34:56","slug":"superacao-e-emocao-apos-adiamento-pelas-chuvas-escola-do-assentamento-mutum-celebra-formatura-historica-com-presenca-da-prefeita-de-brasilandia","status":"publish","type":"post","link":"https:\/\/expressaoms.com.br\/index.php\/2026\/01\/20\/superacao-e-emocao-apos-adiamento-pelas-chuvas-escola-do-assentamento-mutum-celebra-formatura-historica-com-presenca-da-prefeita-de-brasilandia\/","title":{"rendered":"Supera\u00e7\u00e3o e Emo\u00e7\u00e3o: Ap\u00f3s adiamento pelas chuvas, Escola do Assentamento Mutum celebra formatura hist\u00f3rica com presen\u00e7a da Prefeita de Brasil\u00e2ndia"},"content":{"rendered":"<div class=\"ntc_cont_descricao_noticia sw_txteditor\">\n<p>A noite da \u00faltima sexta-feira,\u00a0<strong>16 de janeiro<\/strong>, ficar\u00e1 marcada para sempre no cora\u00e7\u00e3o da comunidade escolar do Assentamento Mutum. A sede da Escola Municipal foi palco de uma cerim\u00f4nia emocionante que celebrou a formatura dos alunos do\u00a0<strong>Pr\u00e9 II, Ensino Fundamental e Ensino M\u00e9dio<\/strong>.<\/p>\n<p>&nbsp;<\/p>\n<p>O evento, que originalmente estava programado para o final de dezembro de 2025, precisou ser adiado devido \u00e0s fortes chuvas que dificultaram o acesso \u00e0 regi\u00e3o. Mesmo em janeiro, o desafio clim\u00e1tico persistiu, mas n\u00e3o foi suficiente para impedir a realiza\u00e7\u00e3o do sonho dos formandos. A equipe da Prefeitura de Brasil\u00e2ndia, liderada pela Prefeita\u00a0<strong>M\u00e1rcia Amaral<\/strong>, venceu os obst\u00e1culos e marcou presen\u00e7a para prestigiar a comunidade.<\/p>\n<p>&nbsp;<\/p>\n<p><strong>Gest\u00e3o Presente e Atuante<\/strong><\/p>\n<p>Acompanhada da Secret\u00e1ria Municipal de Educa\u00e7\u00e3o e Cultura,\u00a0<strong>Maria In\u00eas Anselmo Costa<\/strong>, da adjunta\u00a0<strong>Maristela Castilho Le\u00f4ncio da Silva<\/strong>\u00a0e da assessora t\u00e9cnica\u00a0<strong>Daniele de Andrade Alpino<\/strong>, a Prefeita M\u00e1rcia fez quest\u00e3o de chegar mais cedo ao local. Antes da festa, a Chefe do Executivo realizou atendimentos \u00e0 popula\u00e7\u00e3o, ouvindo demandas e conversando com os moradores.<\/p>\n<p>&nbsp;<\/p>\n<p>Al\u00e9m disso, a estrutura do governo municipal se fez presente com a equipe do\u00a0<strong>CRAS<\/strong>, que levou servi\u00e7os e atendimentos essenciais para as fam\u00edlias da zona rural, transformando o dia de festa tamb\u00e9m em um dia de cidadania.<\/p>\n<p>&nbsp;<\/p>\n<p><strong>A Cerim\u00f4nia<\/strong><\/p>\n<p>A diretora da unidade,\u00a0<strong>Leonice Dias dos Santos Lima<\/strong>, foi a anfitri\u00e3 da noite, recepcionando as autoridades e expressando sua gratid\u00e3o pela oportunidade de estar \u00e0 frente da gest\u00e3o escolar. O rito seguiu com toda a formalidade e emo\u00e7\u00e3o que o momento exige: juramento, agradecimentos aos professores e pais, entrega dos certificados de conclus\u00e3o e lembran\u00e7as personalizadas aos alunos.<\/p>\n<p>&nbsp;<\/p>\n<p>Um destaque \u00e0 parte foi a decora\u00e7\u00e3o. O cen\u00e1rio, montado com capricho pela\u00a0<strong>Coordenadoria de Eventos<\/strong>, foi inspirado no projeto de valoriza\u00e7\u00e3o da\u00a0<strong>Guavira<\/strong>, fruto fruto s\u00edmbolo da nossa regi\u00e3o. A concep\u00e7\u00e3o visual foi coordenada pela equipe da escola em parceria com uma a\u00e7\u00e3o social de uma ind\u00fastria de celulose de Tr\u00eas Lagoas, trazendo identidade e beleza ao ambiente.<\/p>\n<p>&nbsp;<\/p>\n<p><strong>Celebra\u00e7\u00e3o<\/strong><\/p>\n<p>Para encerrar a noite com chave de ouro, foi servido um delicioso jantar a todos os presentes, embalado pelo som animado do\u00a0<strong>Gigante do Forr\u00f3<\/strong>.<\/p>\n<p>A formatura no Assentamento Mutum reafirma que a educa\u00e7\u00e3o de qualidade e a aten\u00e7\u00e3o do poder p\u00fablico chegam a todos os cantos de Brasil\u00e2ndia, celebrando conquistas e encurtando dist\u00e2ncias, fa\u00e7a chuva ou fa\u00e7a sol.<\/p>\n<\/div>\n<div class=\"ntc_area_info_noticia sw_lato\">\n<div><\/div>\n<\/div>\n","protected":false},"excerpt":{"rendered":"<p>A noite da \u00faltima sexta-feira,\u00a016 de janeiro, ficar\u00e1 marcada para sempre no cora\u00e7\u00e3o da comunidade escolar do Assentamento Mutum. A sede da Escola Municipal foi palco de uma cerim\u00f4nia emocionante que celebrou a formatura dos alunos do\u00a0Pr\u00e9 II, Ensino Fundamental e Ensino M\u00e9dio. &nbsp; O evento, que originalmente estava programado para o final de dezembro [&hellip;]<\/p>\n","protected":false},"author":5,"featured_media":42848,"comment_status":"open","ping_status":"open","sticky":false,"template":"","format":"standard","meta":{"om_disable_all_campaigns":false,"_monsterinsights_skip_tracking":false,"_monsterinsights_sitenote_active":false,"_monsterinsights_sitenote_note":"","_monsterinsights_sitenote_category":0,"footnotes":""},"categories":[26,30,266,193],"tags":[],"aioseo_notices":[],"_links":{"self":[{"href":"https:\/\/expressaoms.com.br\/index.php\/wp-json\/wp\/v2\/posts\/42847"}],"collection":[{"href":"https:\/\/expressaoms.com.br\/index.php\/wp-json\/wp\/v2\/posts"}],"about":[{"href":"https:\/\/expressaoms.com.br\/index.php\/wp-json\/wp\/v2\/types\/post"}],"author":[{"embeddable":true,"href":"https:\/\/expressaoms.com.br\/index.php\/wp-json\/wp\/v2\/users\/5"}],"replies":[{"embeddable":true,"href":"https:\/\/expressaoms.com.br\/index.php\/wp-json\/wp\/v2\/comments?post=42847"}],"version-history":[{"count":1,"href":"https:\/\/expressaoms.com.br\/index.php\/wp-json\/wp\/v2\/posts\/42847\/revisions"}],"predecessor-version":[{"id":42849,"href":"https:\/\/expressaoms.com.br\/index.php\/wp-json\/wp\/v2\/posts\/42847\/revisions\/42849"}],"wp:featuredmedia":[{"embeddable":true,"href":"https:\/\/expressaoms.com.br\/index.php\/wp-json\/wp\/v2\/media\/42848"}],"wp:attachment":[{"href":"https:\/\/expressaoms.com.br\/index.php\/wp-json\/wp\/v2\/media?parent=42847"}],"wp:term":[{"taxonomy":"category","embeddable":true,"href":"https:\/\/expressaoms.com.br\/index.php\/wp-json\/wp\/v2\/categories?post=42847"},{"taxonomy":"post_tag","embeddable":true,"href":"https:\/\/expressaoms.com.br\/index.php\/wp-json\/wp\/v2\/tags?post=42847"}],"curies":[{"name":"wp","href":"https:\/\/api.w.org\/{rel}","templated":true}]}}