{"id":42850,"date":"2026-01-21T06:23:27","date_gmt":"2026-01-21T10:23:27","guid":{"rendered":"https:\/\/expressaoms.com.br\/?p=42850"},"modified":"2026-01-20T20:25:02","modified_gmt":"2026-01-21T00:25:02","slug":"mpms-e-mpt-ms-debatem-formalizacao-de-catadores-com-a-prefeitura-de-campo-grande-e-cooperativas","status":"publish","type":"post","link":"https:\/\/expressaoms.com.br\/index.php\/2026\/01\/21\/mpms-e-mpt-ms-debatem-formalizacao-de-catadores-com-a-prefeitura-de-campo-grande-e-cooperativas\/","title":{"rendered":"MPMS e MPT\/MS debatem formaliza\u00e7\u00e3o de catadores com a Prefeitura de Campo Grande e cooperativas"},"content":{"rendered":"<p class=\"u-text--justified\">O Minist\u00e9rio P\u00fablico de Mato Grosso do Sul (MPMS), representado pelo Promotor de Justi\u00e7a Luciano Furtado Loubet, promoveu nesta segunda-feira (19), em conjunto com o Minist\u00e9rio P\u00fablico do Trabalho da 24\u00aa Regi\u00e3o (MPT\/MS), reuni\u00e3o com as cooperativas de catadores de res\u00edduos s\u00f3lidos e a Prefeitura de Campo Grande. O encontro teve como finalidade debater a contrata\u00e7\u00e3o dos profissionais da gest\u00e3o de recicl\u00e1veis em raz\u00e3o do servi\u00e7o p\u00fablico prestado.<\/p>\n<p class=\"u-text--justified\">Durante o encontro, o MPMS e o MPT\/MS apresentaram \u00e0 Prefeitura e \u00e0s cooperativas o relat\u00f3rio do Projeto Valoriza, que estabelece os par\u00e2metros financeiros necess\u00e1rios para garantir uma remunera\u00e7\u00e3o digna aos profissionais da reciclagem.<\/p>\n<p class=\"u-text--justified\">O Coordenador do N\u00facleo Ambiental e Promotor de Justi\u00e7a Luciano Furtado Loubet destacou que o reconhecimento dos catadores como agentes essenciais da pol\u00edtica de res\u00edduos s\u00f3lidos depende de di\u00e1logo cont\u00ednuo e da constru\u00e7\u00e3o de solu\u00e7\u00f5es conjuntas entre poder p\u00fablico e cooperativas. &#8220;A partir desse momento, n\u00f3s vamos continuar as discuss\u00f5es com a Prefeitura Municipal e com os catadores, buscando fazer esse acordo, construir esse trabalho conjunto para que haja efetivamente o reconhecimento desses profissionais&#8221;.<\/p>\n<p class=\"u-text--justified\">O relat\u00f3rio apresentado est\u00e1 baseado na Nota T\u00e9cnico-Jur\u00eddica do MPMS que sustenta que as fontes de remunera\u00e7\u00e3o dos catadores de materiais recicl\u00e1veis devem ser: \u00a0contrata\u00e7\u00e3o pelo servi\u00e7o prestado; venda do material; cr\u00e9ditos de log\u00edstica reversa; servi\u00e7os a terceiros (grandes geradores); pagamentos por servi\u00e7os ambientais; cr\u00e9ditos de carbono. O documento pode ser consultado\u00a0<a href=\"https:\/\/www.mpms.mp.br\/cao\/cao-i\/artigos\" target=\"_blank\" rel=\"noopener\">aqui<\/a>.<\/p>\n<p class=\"u-text--justified\">Para o Procurador do Trabalho do MPT\/MS, Celso Henrique Rodrigues Fortes, a solu\u00e7\u00e3o passa pela formaliza\u00e7\u00e3o das contrata\u00e7\u00f5es municipais: mais do que permitir a atua\u00e7\u00e3o dos catadores, os munic\u00edpios devem contrat\u00e1-los oficialmente, integrando-os \u00e0 gest\u00e3o dos res\u00edduos s\u00f3lidos. &#8220;N\u00e3o basta s\u00f3 deixar os catadores trabalharem; \u00e9 preciso contratar essas associa\u00e7\u00f5es e cooperativas, reconhecendo o servi\u00e7o que elas prestam para a sociedade&#8221;.<\/p>\n<p class=\"u-text--justified\">A Presidente da Associa\u00e7\u00e3o dos Trabalhadores de Materiais Recicl\u00e1veis nos Aterros Sanit\u00e1rios de Mato Grosso do Sul (Atmaras\/MS), Gilda Macedo, refor\u00e7ou que o reconhecimento do trabalho dos catadores deve se dar, sobretudo, por meio de remunera\u00e7\u00e3o justa pelos servi\u00e7os ambientais prestados diariamente. &#8220;Tem que ser pago para podermos ter uma condi\u00e7\u00e3o melhor de vida, porque n\u00f3s tiramos toneladas de material do aterro. Esse material n\u00e3o vai para o lixo, vai para reciclagem, e isso ajuda o meio ambiente e a cidade\u201d.<\/p>\n<p class=\"u-text--justified\">Participaram tamb\u00e9m da reuni\u00e3o a Procuradoria-Geral do Munic\u00edpio de Campo Grande, o Tribunal de Contas de Mato Grosso do Sul (TCE\/MS) e o Instituto de Meio Ambiente de Mato Grosso do Sul (Imasul).<\/p>\n<h2 class=\"u-text--justified\"><strong>Projeto Valoriza<\/strong><\/h2>\n<p class=\"u-text--justified\">O Projeto Valoriza, lan\u00e7ado em 2024 pelo Centro de Apoio Operacional das Promotorias de Justi\u00e7a do Meio Ambiente, da Habita\u00e7\u00e3o e Urbanismo e do Patrim\u00f4nio Hist\u00f3rico e Cultural (Caoma\/MPMS), \u00e9 uma das a\u00e7\u00f5es estrat\u00e9gicas do programa \u201cRes\u00edduos S\u00f3lidos: Disposi\u00e7\u00e3o Legal e Log\u00edstica Reversa\u201d. O objetivo principal \u00e9 promover melhorias concretas nas condi\u00e7\u00f5es das Unidades de Triagem de Res\u00edduos Recicl\u00e1veis (UTRs) e no fortalecimento das organiza\u00e7\u00f5es de catadores.<\/p>\n","protected":false},"excerpt":{"rendered":"<p>O Minist\u00e9rio P\u00fablico de Mato Grosso do Sul (MPMS), representado pelo Promotor de Justi\u00e7a Luciano Furtado Loubet, promoveu nesta segunda-feira (19), em conjunto com o Minist\u00e9rio P\u00fablico do Trabalho da 24\u00aa Regi\u00e3o (MPT\/MS), reuni\u00e3o com as cooperativas de catadores de res\u00edduos s\u00f3lidos e a Prefeitura de Campo Grande. O encontro teve como finalidade debater a [&hellip;]<\/p>\n","protected":false},"author":3,"featured_media":42851,"comment_status":"open","ping_status":"open","sticky":false,"template":"","format":"standard","meta":{"om_disable_all_campaigns":false,"_monsterinsights_skip_tracking":false,"_monsterinsights_sitenote_active":false,"_monsterinsights_sitenote_note":"","_monsterinsights_sitenote_category":0,"footnotes":""},"categories":[27,37],"tags":[],"aioseo_notices":[],"_links":{"self":[{"href":"https:\/\/expressaoms.com.br\/index.php\/wp-json\/wp\/v2\/posts\/42850"}],"collection":[{"href":"https:\/\/expressaoms.com.br\/index.php\/wp-json\/wp\/v2\/posts"}],"about":[{"href":"https:\/\/expressaoms.com.br\/index.php\/wp-json\/wp\/v2\/types\/post"}],"author":[{"embeddable":true,"href":"https:\/\/expressaoms.com.br\/index.php\/wp-json\/wp\/v2\/users\/3"}],"replies":[{"embeddable":true,"href":"https:\/\/expressaoms.com.br\/index.php\/wp-json\/wp\/v2\/comments?post=42850"}],"version-history":[{"count":1,"href":"https:\/\/expressaoms.com.br\/index.php\/wp-json\/wp\/v2\/posts\/42850\/revisions"}],"predecessor-version":[{"id":42852,"href":"https:\/\/expressaoms.com.br\/index.php\/wp-json\/wp\/v2\/posts\/42850\/revisions\/42852"}],"wp:featuredmedia":[{"embeddable":true,"href":"https:\/\/expressaoms.com.br\/index.php\/wp-json\/wp\/v2\/media\/42851"}],"wp:attachment":[{"href":"https:\/\/expressaoms.com.br\/index.php\/wp-json\/wp\/v2\/media?parent=42850"}],"wp:term":[{"taxonomy":"category","embeddable":true,"href":"https:\/\/expressaoms.com.br\/index.php\/wp-json\/wp\/v2\/categories?post=42850"},{"taxonomy":"post_tag","embeddable":true,"href":"https:\/\/expressaoms.com.br\/index.php\/wp-json\/wp\/v2\/tags?post=42850"}],"curies":[{"name":"wp","href":"https:\/\/api.w.org\/{rel}","templated":true}]}}