{"id":42853,"date":"2026-01-21T07:40:22","date_gmt":"2026-01-21T11:40:22","guid":{"rendered":"https:\/\/expressaoms.com.br\/?p=42853"},"modified":"2026-01-21T07:40:22","modified_gmt":"2026-01-21T11:40:22","slug":"vander-loubet-afirma-que-nao-quer-mais-ser-deputado-federal-e-mira-disputa-ao-senado","status":"publish","type":"post","link":"https:\/\/expressaoms.com.br\/index.php\/2026\/01\/21\/vander-loubet-afirma-que-nao-quer-mais-ser-deputado-federal-e-mira-disputa-ao-senado\/","title":{"rendered":"Vander Loubet afirma que n\u00e3o quer mais ser deputado federal e mira disputa ao Senado"},"content":{"rendered":"<p>O deputado federal e presidente do PT em Mato Grosso do Sul, Vander Loubet, afirmou que n\u00e3o pretende disputar a reelei\u00e7\u00e3o para a C\u00e2mara dos Deputados e que sua prioridade pol\u00edtica agora \u00e9 a poss\u00edvel candidatura ao Senado Federal. A declara\u00e7\u00e3o marca uma mudan\u00e7a significativa na trajet\u00f3ria do parlamentar, que est\u00e1 em seu sexto mandato como deputado federal e foi dada durante um entrevista ao site Midiamax.<\/p>\n<p>\u201cEu tomei uma decis\u00e3o porque eu n\u00e3o quero mais ser deputado federal. Eu n\u00e3o vou ser\u201d, afirmou Vander, ao destacar que, apesar de reconhecer as chances de reelei\u00e7\u00e3o, optou por encerrar o ciclo na C\u00e2mara. Segundo ele, a decis\u00e3o n\u00e3o est\u00e1 relacionada \u00e0 falta de competitividade eleitoral. \u201cTalvez eu teria uma das elei\u00e7\u00f5es mais tranquilas, com uma possibilidade de reelei\u00e7\u00e3o muito grande pela rede que eu tenho. Mas eu n\u00e3o quero mais ser federal\u201d, refor\u00e7ou.<\/p>\n<p>Vander ressaltou que segue motivado e ativo politicamente, mesmo ap\u00f3s mais de duas d\u00e9cadas de mandato. \u201cEu estou no sexto mandato. Esse final de semana eu fiz toda a regi\u00e3o norte com a mesma intensidade do primeiro\u201d, disse. Ainda assim, foi enf\u00e1tico ao descartar qualquer recuo: \u201cN\u00e3o quero mais ser deputado federal. Assim, n\u00e3o gostaria de ser e n\u00e3o vou mais ser\u201d.<\/p>\n<p>De acordo com o parlamentar, a decis\u00e3o n\u00e3o significa afastamento da vida p\u00fablica. Pelo contr\u00e1rio, ele pretende continuar atuando politicamente, seja na disputa ao Senado ou na condu\u00e7\u00e3o do Partido dos Trabalhadores no Estado. \u201cEu prefiro ajudar de outra forma. Vou continuar na pol\u00edtica. Vou disputar o Senado\u201d, afirmou.<\/p>\n<p>Vander reconhece que a disputa ao Senado \u00e9 complexa, mas acredita haver espa\u00e7o pol\u00edtico. \u201cEu sei que n\u00e3o \u00e9 uma elei\u00e7\u00e3o f\u00e1cil, mas acho que eu tenho chance. No cen\u00e1rio que eu imagino e que eu acredito, existe um espa\u00e7o enorme\u201d, avaliou. Ele tamb\u00e9m deixou claro que, caso n\u00e3o concorra ao Senado, seguir\u00e1 na presid\u00eancia estadual do PT. \u201cSe n\u00e3o, vou continuar na presid\u00eancia do PT fazendo a pol\u00edtica que eu gosto\u201d.<\/p>\n<p>O deputado enfatizou que sua eventual candidatura ao Senado est\u00e1 diretamente ligada ao projeto nacional do partido. \u201cAcima de qualquer da minha elei\u00e7\u00e3o pro Senado, est\u00e1 a reelei\u00e7\u00e3o do presidente Lula\u201d, declarou. Para ele, esse contexto fortalece a viabilidade da candidatura. \u201cEu acredito que tem um espa\u00e7o pra esse senador, por isso que eu sou candidato a senador. T\u00f4 convencido disso\u201d.<\/p>\n<p>Por fim, Vander descartou de forma categ\u00f3rica qualquer possibilidade de voltar atr\u00e1s e disputar novamente uma vaga na C\u00e2mara Federal. \u201cEssa hip\u00f3tese n\u00e3o existe\u201d, concluiu.<\/p>\n","protected":false},"excerpt":{"rendered":"<p>O deputado federal e presidente do PT em Mato Grosso do Sul, Vander Loubet, afirmou que n\u00e3o pretende disputar a reelei\u00e7\u00e3o para a C\u00e2mara dos Deputados e que sua prioridade pol\u00edtica agora \u00e9 a poss\u00edvel candidatura ao Senado Federal. A declara\u00e7\u00e3o marca uma mudan\u00e7a significativa na trajet\u00f3ria do parlamentar, que est\u00e1 em seu sexto mandato [&hellip;]<\/p>\n","protected":false},"author":5,"featured_media":42854,"comment_status":"open","ping_status":"open","sticky":false,"template":"","format":"standard","meta":{"om_disable_all_campaigns":false,"_monsterinsights_skip_tracking":false,"_monsterinsights_sitenote_active":false,"_monsterinsights_sitenote_note":"","_monsterinsights_sitenote_category":0,"footnotes":""},"categories":[27,30,266,42,193],"tags":[],"aioseo_notices":[],"_links":{"self":[{"href":"https:\/\/expressaoms.com.br\/index.php\/wp-json\/wp\/v2\/posts\/42853"}],"collection":[{"href":"https:\/\/expressaoms.com.br\/index.php\/wp-json\/wp\/v2\/posts"}],"about":[{"href":"https:\/\/expressaoms.com.br\/index.php\/wp-json\/wp\/v2\/types\/post"}],"author":[{"embeddable":true,"href":"https:\/\/expressaoms.com.br\/index.php\/wp-json\/wp\/v2\/users\/5"}],"replies":[{"embeddable":true,"href":"https:\/\/expressaoms.com.br\/index.php\/wp-json\/wp\/v2\/comments?post=42853"}],"version-history":[{"count":1,"href":"https:\/\/expressaoms.com.br\/index.php\/wp-json\/wp\/v2\/posts\/42853\/revisions"}],"predecessor-version":[{"id":42855,"href":"https:\/\/expressaoms.com.br\/index.php\/wp-json\/wp\/v2\/posts\/42853\/revisions\/42855"}],"wp:featuredmedia":[{"embeddable":true,"href":"https:\/\/expressaoms.com.br\/index.php\/wp-json\/wp\/v2\/media\/42854"}],"wp:attachment":[{"href":"https:\/\/expressaoms.com.br\/index.php\/wp-json\/wp\/v2\/media?parent=42853"}],"wp:term":[{"taxonomy":"category","embeddable":true,"href":"https:\/\/expressaoms.com.br\/index.php\/wp-json\/wp\/v2\/categories?post=42853"},{"taxonomy":"post_tag","embeddable":true,"href":"https:\/\/expressaoms.com.br\/index.php\/wp-json\/wp\/v2\/tags?post=42853"}],"curies":[{"name":"wp","href":"https:\/\/api.w.org\/{rel}","templated":true}]}}