{"id":42856,"date":"2026-01-21T07:53:07","date_gmt":"2026-01-21T11:53:07","guid":{"rendered":"https:\/\/expressaoms.com.br\/?p=42856"},"modified":"2026-01-21T07:53:07","modified_gmt":"2026-01-21T11:53:07","slug":"suspeito-morre-em-confronto-apos-atacar-policiais-e-tentar-fugir-com-2t-de-maconha","status":"publish","type":"post","link":"https:\/\/expressaoms.com.br\/index.php\/2026\/01\/21\/suspeito-morre-em-confronto-apos-atacar-policiais-e-tentar-fugir-com-2t-de-maconha\/","title":{"rendered":"Suspeito morre em confronto ap\u00f3s atacar policiais e tentar fugir com 2t de maconha"},"content":{"rendered":"<div class=\"ds-message _63c77b1\">\n<div class=\"ds-markdown\">\n<p class=\"ds-markdown-paragraph\">Uma a\u00e7\u00e3o policial de fronteira resultou na apreens\u00e3o de quase duas toneladas de maconha e no \u00f3bito de um suspeito ap\u00f3s intenso confronto na noite desta segunda-feira (19), na zona rural de Ponta Por\u00e3. A opera\u00e7\u00e3o, conduzida pelo Departamento de Opera\u00e7\u00f5es de Fronteira (DOF), faz parte do Programa Protetor das Fronteiras e Divisas.<\/p>\n<p class=\"ds-markdown-paragraph\">Os fatos se desenrolaram durante um bloqueio policial na BR-463. Ao avistarem uma caminhonete Toyota Hilux, os militares deram ordem de parada. O condutor, no entanto, desobedeceu e, de forma agressiva, arremessou o ve\u00edculo contra a equipe antes de fugir.<\/p>\n<p class=\"ds-markdown-paragraph\">Durante a persegui\u00e7\u00e3o, o motorista, um homem de 41 anos, perdeu o controle da dire\u00e7\u00e3o e capotou a Hilux. Ao tentar escapar a p\u00e9, passou a efetuar disparos com uma pistola calibre 9mm contra os policiais, que revidaram a agress\u00e3o. O suspeito foi atingido, socorrido e encaminhado ao Hospital Regional de Ponta Por\u00e3, mas n\u00e3o resistiu aos ferimentos.<\/p>\n<p class=\"ds-markdown-paragraph\">Dentro da caminhonete, os policiais encontraram uma grande quantidade de maconha prensada em tabletes. Ap\u00f3s a pesagem, a droga totalizou mais de 1.800 quilos (1,8 tonelada).<\/p>\n<p class=\"ds-markdown-paragraph\">Investiga\u00e7\u00e3o inicial apurou que as placas do ve\u00edculo eram falsas e que a caminhonete havia sido roubada em 2024, na cidade de Sert\u00e3ozinho, interior de S\u00e3o Paulo.<\/p>\n<p class=\"ds-markdown-paragraph\">A droga apreendida, o ve\u00edculo e a arma de fogo utilizada pelo suspeito foram encaminhados \u00e0 Delegacia Especializada de Repress\u00e3o aos Crimes de Fronteira (Defron), em Dourados. O preju\u00edzo financeiro estimado para a organiza\u00e7\u00e3o criminosa supera a marca de R$ 3,8 milh\u00f5es.<\/p>\n<p class=\"ds-markdown-paragraph\">A a\u00e7\u00e3o bem-sucedida ocorreu no \u00e2mbito do Programa Protetor das Fronteiras e Divisas, uma parceria entre a Secretaria de Estado de Justi\u00e7a e Seguran\u00e7a P\u00fablica (Sejusp) e o Minist\u00e9rio da Justi\u00e7a e Seguran\u00e7a P\u00fablica (MJSP).<\/p>\n<p class=\"ds-markdown-paragraph\">O DOF mant\u00e9m um canal direto para receber den\u00fancias de forma an\u00f4nima, garantindo o sigilo absoluto do denunciante, pelo telefone\u00a00800 647-6300.<\/p>\n<\/div>\n<\/div>\n<div class=\"ds-theme\"><\/div>\n<div class=\"ds-flex _0a3d93b\">\n<div class=\"ds-flex _965abe9\">\n<div class=\"db183363 ds-icon-button ds-icon-button--m ds-icon-button--sizing-container\" tabindex=\"0\" role=\"button\" aria-disabled=\"false\">\n<div class=\"ds-icon-button__hover-bg\"><\/div>\n<div class=\"ds-icon\"><\/div>\n<div class=\"ds-focus-ring\"><\/div>\n<\/div>\n<div class=\"db183363 ds-icon-button ds-icon-button--m ds-icon-button--sizing-container\" tabindex=\"0\" role=\"button\" aria-disabled=\"false\">\n<div class=\"ds-icon-button__hover-bg\"><\/div>\n<div class=\"ds-icon\"><\/div>\n<div class=\"ds-focus-ring\"><\/div>\n<\/div>\n<div class=\"db183363 ds-icon-button ds-icon-button--m ds-icon-button--sizing-container\" tabindex=\"0\" role=\"button\" aria-disabled=\"false\">\n<div class=\"ds-icon-button__hover-bg\"><\/div>\n<div class=\"ds-icon\"><\/div>\n<div class=\"ds-focus-ring\"><\/div>\n<\/div>\n<div class=\"db183363 ds-icon-button ds-icon-button--m ds-icon-button--sizing-container\" tabindex=\"0\" role=\"button\" aria-disabled=\"false\">\n<div class=\"ds-icon-button__hover-bg\"><\/div>\n<div class=\"ds-icon\"><\/div>\n<div class=\"ds-focus-ring\"><\/div>\n<\/div>\n<div class=\"db183363 ds-icon-button ds-icon-button--m ds-icon-button--sizing-container\" tabindex=\"0\" role=\"button\" aria-disabled=\"false\">\n<div class=\"ds-icon-button__hover-bg\"><\/div>\n<div class=\"ds-icon\"><\/div>\n<\/div>\n<\/div>\n<\/div>\n","protected":false},"excerpt":{"rendered":"<p>Uma a\u00e7\u00e3o policial de fronteira resultou na apreens\u00e3o de quase duas toneladas de maconha e no \u00f3bito de um suspeito ap\u00f3s intenso confronto na noite desta segunda-feira (19), na zona rural de Ponta Por\u00e3. A opera\u00e7\u00e3o, conduzida pelo Departamento de Opera\u00e7\u00f5es de Fronteira (DOF), faz parte do Programa Protetor das Fronteiras e Divisas. Os fatos [&hellip;]<\/p>\n","protected":false},"author":5,"featured_media":42857,"comment_status":"open","ping_status":"open","sticky":false,"template":"","format":"standard","meta":{"om_disable_all_campaigns":false,"_monsterinsights_skip_tracking":false,"_monsterinsights_sitenote_active":false,"_monsterinsights_sitenote_note":"","_monsterinsights_sitenote_category":0,"footnotes":""},"categories":[30,266,41,193],"tags":[],"aioseo_notices":[],"_links":{"self":[{"href":"https:\/\/expressaoms.com.br\/index.php\/wp-json\/wp\/v2\/posts\/42856"}],"collection":[{"href":"https:\/\/expressaoms.com.br\/index.php\/wp-json\/wp\/v2\/posts"}],"about":[{"href":"https:\/\/expressaoms.com.br\/index.php\/wp-json\/wp\/v2\/types\/post"}],"author":[{"embeddable":true,"href":"https:\/\/expressaoms.com.br\/index.php\/wp-json\/wp\/v2\/users\/5"}],"replies":[{"embeddable":true,"href":"https:\/\/expressaoms.com.br\/index.php\/wp-json\/wp\/v2\/comments?post=42856"}],"version-history":[{"count":1,"href":"https:\/\/expressaoms.com.br\/index.php\/wp-json\/wp\/v2\/posts\/42856\/revisions"}],"predecessor-version":[{"id":42858,"href":"https:\/\/expressaoms.com.br\/index.php\/wp-json\/wp\/v2\/posts\/42856\/revisions\/42858"}],"wp:featuredmedia":[{"embeddable":true,"href":"https:\/\/expressaoms.com.br\/index.php\/wp-json\/wp\/v2\/media\/42857"}],"wp:attachment":[{"href":"https:\/\/expressaoms.com.br\/index.php\/wp-json\/wp\/v2\/media?parent=42856"}],"wp:term":[{"taxonomy":"category","embeddable":true,"href":"https:\/\/expressaoms.com.br\/index.php\/wp-json\/wp\/v2\/categories?post=42856"},{"taxonomy":"post_tag","embeddable":true,"href":"https:\/\/expressaoms.com.br\/index.php\/wp-json\/wp\/v2\/tags?post=42856"}],"curies":[{"name":"wp","href":"https:\/\/api.w.org\/{rel}","templated":true}]}}