{"id":42865,"date":"2026-01-21T08:23:24","date_gmt":"2026-01-21T12:23:24","guid":{"rendered":"https:\/\/expressaoms.com.br\/?p=42865"},"modified":"2026-01-21T08:23:24","modified_gmt":"2026-01-21T12:23:24","slug":"ufms-lanca-processo-seletivo-gratuito-exclusivo-para-pessoas-com-60-anos-ou-mais-sao-156-vagas-em-107-cursos","status":"publish","type":"post","link":"https:\/\/expressaoms.com.br\/index.php\/2026\/01\/21\/ufms-lanca-processo-seletivo-gratuito-exclusivo-para-pessoas-com-60-anos-ou-mais-sao-156-vagas-em-107-cursos\/","title":{"rendered":"UFMS lan\u00e7a processo seletivo gratuito exclusivo para pessoas com 60 anos ou mais; s\u00e3o 156 vagas em 107 cursos"},"content":{"rendered":"<p class=\"ds-markdown-paragraph\">A Universidade Federal de Mato Grosso do Sul (UFMS) deu um passo hist\u00f3rico em sua pol\u00edtica de inclus\u00e3o. Nesta segunda-feira (19), a institui\u00e7\u00e3o abriu as inscri\u00e7\u00f5es para o primeiro\u00a0Processo Seletivo UFMS 60+, destinado exclusivamente a pessoas com 60 anos ou mais que desejam ingressar em um curso de gradua\u00e7\u00e3o. As 156 vagas oferecidas est\u00e3o distribu\u00eddas em 107 op\u00e7\u00f5es de curso em todos os\u00a0<em>campi<\/em>\u00a0da universidade.<\/p>\n<p class=\"ds-markdown-paragraph\">As inscri\u00e7\u00f5es s\u00e3o\u00a0gratuitas\u00a0e devem ser feitas exclusivamente pela internet, no site de Ingresso da UFMS, at\u00e9 o dia\u00a013 de fevereiro. O processo seletivo \u00e9 uma das principais a\u00e7\u00f5es do\u00a0Programa UFMS 60+, criado no ano passado para promover o envelhecimento ativo, saud\u00e1vel e a inclus\u00e3o social.<\/p>\n<p class=\"ds-markdown-paragraph\">Podem se inscrever candidatos com 60 anos ou mais completos e que tenham conclu\u00eddo o ensino m\u00e9dio. Diferente dos vestibulares tradicionais, n\u00e3o haver\u00e1 prova. A sele\u00e7\u00e3o ser\u00e1 realizada com base na an\u00e1lise de documentos, seguindo uma das tr\u00eas formas abaixo, por ordem de prioridade:<\/p>\n<ol start=\"1\">\n<li>\n<p class=\"ds-markdown-paragraph\"><strong>Notas do Enem ou do Encceja<\/strong>\u00a0(realizados entre 2018 e 2025);<\/p>\n<\/li>\n<li>\n<p class=\"ds-markdown-paragraph\"><strong>Notas do Vestibular UFMS<\/strong>\u00a0(realizados entre 2018 e 2025);<\/p>\n<\/li>\n<li>\n<p class=\"ds-markdown-paragraph\"><strong>Hist\u00f3rico escolar do ensino m\u00e9dio<\/strong>, que deve ser acompanhado de uma\u00a0<strong>carta de inten\u00e7\u00e3o<\/strong>\u00a0explicando o interesse pelo curso escolhido.<\/p>\n<\/li>\n<\/ol>\n<p class=\"ds-markdown-paragraph\">Os candidatos que j\u00e1 participaram de atividades da\u00a0Universidade Aberta \u00e0 Pessoa Idosa (Unapi), outro bra\u00e7o do programa, ter\u00e3o prioridade na classifica\u00e7\u00e3o.<\/p>\n<p class=\"ds-markdown-paragraph\">O\u00a0resultado preliminar\u00a0da sele\u00e7\u00e3o ser\u00e1 divulgado no dia\u00a019 de fevereiro. Ap\u00f3s o per\u00edodo de recursos, a\u00a0lista final de aprovados\u00a0ser\u00e1 publicada em\u00a024 de fevereiro, com as instru\u00e7\u00f5es para a matr\u00edcula. O edital completo com a rela\u00e7\u00e3o de cursos e vagas por cidade est\u00e1 dispon\u00edvel na p\u00e1gina\u00a0Ingresso UFMS.<\/p>\n<p class=\"ds-markdown-paragraph\">O Programa UFMS 60+ foi institucionalizado em 2025 com o objetivo de criar um ambiente universit\u00e1rio mais diverso e inclusivo, valorizando a aprendizagem ao longo da vida. A iniciativa inclui a Unapi, que oferece cursos de extens\u00e3o e atividades culturais. Somente no \u00faltimo semestre, a Unapi ofereceu mais de 1,9 mil vagas em seis\u00a0<em>campi<\/em>\u00a0e agora se expande para Chapad\u00e3o do Sul, Nova Andradina e Ponta Por\u00e3.<\/p>\n<p class=\"ds-markdown-paragraph\">A reitora da UFMS,\u00a0Camila \u00cdtavo, destacou o impacto social da medida. \u201cA Universidade se fortalece quando reconhece que o aprendizado acontece ao longo de toda a vida. A presen\u00e7a de pessoas com 60 anos ou mais nos cursos de gradua\u00e7\u00e3o amplia o di\u00e1logo entre gera\u00e7\u00f5es e reafirma o papel social da UFMS\u201d, afirmou.<\/p>\n<p class=\"ds-markdown-paragraph\">Com essa iniciativa, a UFMS n\u00e3o apenas abre suas portas para um novo p\u00fablico, mas tamb\u00e9m enriquece o ambiente acad\u00eamico com a experi\u00eancia e a perspectiva de estudantes da melhor idade.<\/p>\n","protected":false},"excerpt":{"rendered":"<p>A Universidade Federal de Mato Grosso do Sul (UFMS) deu um passo hist\u00f3rico em sua pol\u00edtica de inclus\u00e3o. Nesta segunda-feira (19), a institui\u00e7\u00e3o abriu as inscri\u00e7\u00f5es para o primeiro\u00a0Processo Seletivo UFMS 60+, destinado exclusivamente a pessoas com 60 anos ou mais que desejam ingressar em um curso de gradua\u00e7\u00e3o. As 156 vagas oferecidas est\u00e3o distribu\u00eddas [&hellip;]<\/p>\n","protected":false},"author":5,"featured_media":42866,"comment_status":"open","ping_status":"open","sticky":false,"template":"","format":"standard","meta":{"om_disable_all_campaigns":false,"_monsterinsights_skip_tracking":false,"_monsterinsights_sitenote_active":false,"_monsterinsights_sitenote_note":"","_monsterinsights_sitenote_category":0,"footnotes":""},"categories":[30,32,266,193,48],"tags":[],"aioseo_notices":[],"_links":{"self":[{"href":"https:\/\/expressaoms.com.br\/index.php\/wp-json\/wp\/v2\/posts\/42865"}],"collection":[{"href":"https:\/\/expressaoms.com.br\/index.php\/wp-json\/wp\/v2\/posts"}],"about":[{"href":"https:\/\/expressaoms.com.br\/index.php\/wp-json\/wp\/v2\/types\/post"}],"author":[{"embeddable":true,"href":"https:\/\/expressaoms.com.br\/index.php\/wp-json\/wp\/v2\/users\/5"}],"replies":[{"embeddable":true,"href":"https:\/\/expressaoms.com.br\/index.php\/wp-json\/wp\/v2\/comments?post=42865"}],"version-history":[{"count":2,"href":"https:\/\/expressaoms.com.br\/index.php\/wp-json\/wp\/v2\/posts\/42865\/revisions"}],"predecessor-version":[{"id":42868,"href":"https:\/\/expressaoms.com.br\/index.php\/wp-json\/wp\/v2\/posts\/42865\/revisions\/42868"}],"wp:featuredmedia":[{"embeddable":true,"href":"https:\/\/expressaoms.com.br\/index.php\/wp-json\/wp\/v2\/media\/42866"}],"wp:attachment":[{"href":"https:\/\/expressaoms.com.br\/index.php\/wp-json\/wp\/v2\/media?parent=42865"}],"wp:term":[{"taxonomy":"category","embeddable":true,"href":"https:\/\/expressaoms.com.br\/index.php\/wp-json\/wp\/v2\/categories?post=42865"},{"taxonomy":"post_tag","embeddable":true,"href":"https:\/\/expressaoms.com.br\/index.php\/wp-json\/wp\/v2\/tags?post=42865"}],"curies":[{"name":"wp","href":"https:\/\/api.w.org\/{rel}","templated":true}]}}