{"id":42869,"date":"2026-01-21T10:06:30","date_gmt":"2026-01-21T14:06:30","guid":{"rendered":"https:\/\/expressaoms.com.br\/?p=42869"},"modified":"2026-01-21T08:28:53","modified_gmt":"2026-01-21T12:28:53","slug":"dia-nacional-de-combate-a-intolerancia-religiosa-reforca-defesa-da-liberdade-de-crenca-e-respeito-a-diversidade","status":"publish","type":"post","link":"https:\/\/expressaoms.com.br\/index.php\/2026\/01\/21\/dia-nacional-de-combate-a-intolerancia-religiosa-reforca-defesa-da-liberdade-de-crenca-e-respeito-a-diversidade\/","title":{"rendered":"Dia Nacional de Combate \u00e0 Intoler\u00e2ncia Religiosa refor\u00e7a defesa da liberdade de cren\u00e7a e respeito \u00e0 diversidade"},"content":{"rendered":"<p>O Dia Nacional de Combate \u00e0 Intoler\u00e2ncia Religiosa, celebrado em 21 de janeiro, convida a sociedade \u00e0 reflex\u00e3o sobre o respeito \u00e0 diversidade de cren\u00e7as e \u00e0 liberdade religiosa, direitos assegurados pela Constitui\u00e7\u00e3o Federal. A data tamb\u00e9m \u00e9 marcada pela mem\u00f3ria de M\u00e3e Gilda de Ogum (Ialorix\u00e1 Gilda de Ogum), v\u00edtima de intoler\u00e2ncia religiosa na Bahia, s\u00edmbolo da luta contra o racismo religioso no Brasil.<\/p>\n<p>Em Mato Grosso do Sul, a Secretaria de Estado da Cidadania atua no enfrentamento \u00e0s viola\u00e7\u00f5es de direitos motivadas pela discrimina\u00e7\u00e3o religiosa, especialmente aquelas que atingem povos e comunidades de matriz africana, historicamente alvo de estigmatiza\u00e7\u00e3o, viol\u00eancia simb\u00f3lica e institucional.<\/p>\n<div class=\"wp-block-image\">\n<figure class=\"alignleft size-large is-resized\"><img fetchpriority=\"high\" decoding=\"async\" class=\"wp-image-525782\" src=\"https:\/\/agenciadenoticias.ms.gov.br\/wp-content\/uploads\/2025\/11\/Abertura-Novembro-Negro-Subs-Racial-fotos-Paula-M-28-1024x768.jpeg\" sizes=\"auto, (max-width: 1024px) 100vw, 1024px\" srcset=\"https:\/\/agenciadenoticias.ms.gov.br\/wp-content\/uploads\/2025\/11\/Abertura-Novembro-Negro-Subs-Racial-fotos-Paula-M-28-1024x768.jpeg 1024w, https:\/\/agenciadenoticias.ms.gov.br\/wp-content\/uploads\/2025\/11\/Abertura-Novembro-Negro-Subs-Racial-fotos-Paula-M-28-300x225.jpeg 300w, https:\/\/agenciadenoticias.ms.gov.br\/wp-content\/uploads\/2025\/11\/Abertura-Novembro-Negro-Subs-Racial-fotos-Paula-M-28-768x576.jpeg 768w, https:\/\/agenciadenoticias.ms.gov.br\/wp-content\/uploads\/2025\/11\/Abertura-Novembro-Negro-Subs-Racial-fotos-Paula-M-28-320x240.jpeg 320w, https:\/\/agenciadenoticias.ms.gov.br\/wp-content\/uploads\/2025\/11\/Abertura-Novembro-Negro-Subs-Racial-fotos-Paula-M-28.jpeg 1280w\" alt=\"\" width=\"1024\" height=\"768\" \/><figcaption class=\"wp-element-caption\"><em>\u00c0 frente das pol\u00edticas p\u00fablicas para Promo\u00e7\u00e3o da Igualdade Racial, Deividson explica significado hist\u00f3rico da data. (Foto: Matheus Carvalho\/SEC)<\/em><\/figcaption><\/figure>\n<\/div>\n<p>Segundo o subsecret\u00e1rio de Pol\u00edticas P\u00fablicas para a Promo\u00e7\u00e3o da Igualdade Racial, Deividson Silva, a data carrega um significado profundo para a sociedade brasileira e para as pol\u00edticas p\u00fablicas de enfrentamento ao racismo.<\/p>\n<p>\u201cO dia 21 de janeiro \u00e9 celebrado como o Dia Nacional de Combate \u00e0 Intoler\u00e2ncia Religiosa, uma data institu\u00edda para promover o respeito e a diversidade de cren\u00e7as. \u00c9 tamb\u00e9m um dia em homenagem a Ialorix\u00e1 Gilda de Ogum, que faleceu ap\u00f3s sofrer sucessivos atos de vandalismo contra o seu terreiro, na Bahia. Essa data tem uma simbologia muito grande, porque nos leva a refletir sobre a forma como as religi\u00f5es de matriz africana e os povos de terreiro ainda s\u00e3o tratados, carregados de estere\u00f3tipos, preconceitos e discrimina\u00e7\u00f5es.\u201d<\/p>\n<p>De acordo com o subsecret\u00e1rio, o racismo religioso se manifesta de diferentes formas no cotidiano, desde agress\u00f5es diretas at\u00e9 impedimentos simb\u00f3licos e sociais. \u201cEssas popula\u00e7\u00f5es ainda s\u00e3o impedidas, muitas vezes, de usar seus adornos, de expressar sua f\u00e9 livremente. Suas pr\u00e1ticas religiosas s\u00e3o vistas de forma pejorativa e, mesmo em um pa\u00eds laico, essas religi\u00f5es continuam sendo perseguidas. Por isso, o 21 de janeiro \u00e9 um momento de reflex\u00e3o, de esclarecimento e de produ\u00e7\u00e3o de conhecimento para toda a popula\u00e7\u00e3o sul-mato-grossense.\u201d<\/p>\n<h2 class=\"wp-block-heading\">MS sem Racismo<\/h2>\n<p>No \u00e2mbito das pol\u00edticas p\u00fablicas, o programa MS Sem Racismo \u00e9 uma das principais estrat\u00e9gias do Governo do Estado para o enfrentamento ao racismo religioso e a promo\u00e7\u00e3o da igualdade racial. Lan\u00e7ado em 2025, o programa \u00e9 permanente e intersetorial que, de forma cont\u00ednua e integrada, vem promover a\u00e7\u00f5es de combate ao racismo estrutural e institucional, garantindo a efetiva\u00e7\u00e3o dos direitos das popula\u00e7\u00f5es negras, ind\u00edgenas, povos e comunidades de terreiro e de matrizes africanas e outros grupos \u00e9tnico-raciais historicamente discriminados.<\/p>\n<p>\u201cO MS Sem Racismo atua como um fator fundamental na defesa dessas popula\u00e7\u00f5es e dessas religi\u00f5es. Por meio do programa, o Governo do Estado assume o compromisso de defender a liberdade de culto. Temos dois pilares estrat\u00e9gicos muito importantes: o estabelecimento de protocolos de atendimento antidiscriminat\u00f3rios \u2014 porque ainda \u00e9 muito comum que servidores e a sociedade n\u00e3o saibam lidar com as religi\u00f5es de matriz africana, reproduzindo falas e tratamentos discriminat\u00f3rios \u2014 e a promo\u00e7\u00e3o do acesso a direitos e oportunidades\u201d, explica o subsecret\u00e1rio.<\/p>\n<p>Ainda segundo Deividson Silva, o objetivo \u00e9 avan\u00e7ar para al\u00e9m do enfrentamento simb\u00f3lico da discrimina\u00e7\u00e3o. \u201cO Estado assume a responsabilidade de padronizar e estabelecer protocolos antidiscriminat\u00f3rios para reduzir e, futuramente, erradicar o racismo religioso em Mato Grosso do Sul. Al\u00e9m disso, o MS Sem Racismo promove visibilidade, combate estere\u00f3tipos e fomenta a\u00e7\u00f5es de inclus\u00e3o produtiva e empreendedorismo, para que essas popula\u00e7\u00f5es possam sair de uma condi\u00e7\u00e3o de vulnerabilidade social e econ\u00f4mica que ainda persiste em raz\u00e3o do preconceito.\u201d<\/p>\n<figure class=\"wp-block-image size-large\"><img decoding=\"async\" class=\"wp-image-531595\" src=\"https:\/\/agenciadenoticias.ms.gov.br\/wp-content\/uploads\/2026\/01\/DSC05729-1024x683.jpg\" sizes=\"auto, (max-width: 1024px) 100vw, 1024px\" srcset=\"https:\/\/agenciadenoticias.ms.gov.br\/wp-content\/uploads\/2026\/01\/DSC05729-1024x683.jpg 1024w, https:\/\/agenciadenoticias.ms.gov.br\/wp-content\/uploads\/2026\/01\/DSC05729-300x200.jpg 300w, https:\/\/agenciadenoticias.ms.gov.br\/wp-content\/uploads\/2026\/01\/DSC05729-768x512.jpg 768w, https:\/\/agenciadenoticias.ms.gov.br\/wp-content\/uploads\/2026\/01\/DSC05729-1536x1024.jpg 1536w, https:\/\/agenciadenoticias.ms.gov.br\/wp-content\/uploads\/2026\/01\/DSC05729-2048x1365.jpg 2048w, https:\/\/agenciadenoticias.ms.gov.br\/wp-content\/uploads\/2026\/01\/DSC05729-350x232.jpg 350w, https:\/\/agenciadenoticias.ms.gov.br\/wp-content\/uploads\/2026\/01\/DSC05729-scaled.jpg 1920w\" alt=\"\" width=\"1024\" height=\"683\" \/><figcaption class=\"wp-element-caption\"><em>Momento \u00e9 de reflex\u00e3o e conscientiza\u00e7\u00e3o acerca do racismo religioso, que se manifesta de diferentes formas no cotidiano, desde agress\u00f5es diretas at\u00e9 impedimentos simb\u00f3licos e sociais. (Foto: Matheus Carvalho\/SEC)<\/em><\/figcaption><\/figure>\n<p>&nbsp;<\/p>\n","protected":false},"excerpt":{"rendered":"<p>O Dia Nacional de Combate \u00e0 Intoler\u00e2ncia Religiosa, celebrado em 21 de janeiro, convida a sociedade \u00e0 reflex\u00e3o sobre o respeito \u00e0 diversidade de cren\u00e7as e \u00e0 liberdade religiosa, direitos assegurados pela Constitui\u00e7\u00e3o Federal. A data tamb\u00e9m \u00e9 marcada pela mem\u00f3ria de M\u00e3e Gilda de Ogum (Ialorix\u00e1 Gilda de Ogum), v\u00edtima de intoler\u00e2ncia religiosa na [&hellip;]<\/p>\n","protected":false},"author":5,"featured_media":42870,"comment_status":"open","ping_status":"open","sticky":false,"template":"","format":"standard","meta":{"om_disable_all_campaigns":false,"_monsterinsights_skip_tracking":false,"_monsterinsights_sitenote_active":false,"_monsterinsights_sitenote_note":"","_monsterinsights_sitenote_category":0,"footnotes":""},"categories":[27,30,266,193],"tags":[],"aioseo_notices":[],"_links":{"self":[{"href":"https:\/\/expressaoms.com.br\/index.php\/wp-json\/wp\/v2\/posts\/42869"}],"collection":[{"href":"https:\/\/expressaoms.com.br\/index.php\/wp-json\/wp\/v2\/posts"}],"about":[{"href":"https:\/\/expressaoms.com.br\/index.php\/wp-json\/wp\/v2\/types\/post"}],"author":[{"embeddable":true,"href":"https:\/\/expressaoms.com.br\/index.php\/wp-json\/wp\/v2\/users\/5"}],"replies":[{"embeddable":true,"href":"https:\/\/expressaoms.com.br\/index.php\/wp-json\/wp\/v2\/comments?post=42869"}],"version-history":[{"count":1,"href":"https:\/\/expressaoms.com.br\/index.php\/wp-json\/wp\/v2\/posts\/42869\/revisions"}],"predecessor-version":[{"id":42871,"href":"https:\/\/expressaoms.com.br\/index.php\/wp-json\/wp\/v2\/posts\/42869\/revisions\/42871"}],"wp:featuredmedia":[{"embeddable":true,"href":"https:\/\/expressaoms.com.br\/index.php\/wp-json\/wp\/v2\/media\/42870"}],"wp:attachment":[{"href":"https:\/\/expressaoms.com.br\/index.php\/wp-json\/wp\/v2\/media?parent=42869"}],"wp:term":[{"taxonomy":"category","embeddable":true,"href":"https:\/\/expressaoms.com.br\/index.php\/wp-json\/wp\/v2\/categories?post=42869"},{"taxonomy":"post_tag","embeddable":true,"href":"https:\/\/expressaoms.com.br\/index.php\/wp-json\/wp\/v2\/tags?post=42869"}],"curies":[{"name":"wp","href":"https:\/\/api.w.org\/{rel}","templated":true}]}}