{"id":42875,"date":"2026-01-21T08:32:43","date_gmt":"2026-01-21T12:32:43","guid":{"rendered":"https:\/\/expressaoms.com.br\/?p=42875"},"modified":"2026-01-21T08:32:43","modified_gmt":"2026-01-21T12:32:43","slug":"prazo-para-pagamento-da-1a-parcela-do-ipva-2026-termina-na-proxima-sexta-feira","status":"publish","type":"post","link":"https:\/\/expressaoms.com.br\/index.php\/2026\/01\/21\/prazo-para-pagamento-da-1a-parcela-do-ipva-2026-termina-na-proxima-sexta-feira\/","title":{"rendered":"Prazo para pagamento da 1\u00aa parcela do IPVA 2026 termina na pr\u00f3xima sexta-feira"},"content":{"rendered":"<p>Os propriet\u00e1rios de ve\u00edculos em Mato Grosso do Sul que escolheram quitar o IPVA 2026 de forma parcelada precisam observar atentamente o cronograma estabelecido pela Secretaria de Estado de Fazenda (Sefaz). A primeira parcela tem vencimento em 30 de janeiro, e as demais se estendem at\u00e9 o fim de maio.<\/p>\n<p>O parcelamento est\u00e1 dispon\u00edvel para os contribuintes que n\u00e3o realizaram o pagamento em cota \u00fanica dentro do prazo que garantia o desconto de 15%. Nessa modalidade, o imposto pode ser dividido em at\u00e9 cinco parcelas, conforme o calend\u00e1rio abaixo:<\/p>\n<ul class=\"wp-block-list\">\n<li><strong>1\u00aa parcela:<\/strong>\u00a030 de janeiro<\/li>\n<li><strong>2\u00aa parcela:<\/strong>\u00a027 de fevereiro<\/li>\n<li><strong>3\u00aa parcela:<\/strong>\u00a031 de mar\u00e7o<\/li>\n<li><strong>4\u00aa parcela:<\/strong>\u00a030 de abril<\/li>\n<li><strong>5\u00aa parcela:<\/strong>\u00a029 de maio<\/li>\n<\/ul>\n<p>Para o exerc\u00edcio de 2026, a Sefaz antecipou todo o processo de lan\u00e7amento e arrecada\u00e7\u00e3o do IPVA. Os boletos passaram a ser disponibilizados de forma digital ainda em novembro do ano anterior, ampliando o prazo para organiza\u00e7\u00e3o financeira dos contribuintes e refor\u00e7ando a comodidade no pagamento.<\/p>\n<p>Neste ano, aproximadamente 870 mil ve\u00edculos comp\u00f5em a base tribut\u00e1vel do imposto no Estado. O valor m\u00ednimo estabelecido \u00e9 de R$ 30 para motocicletas e de R$ 55 para os demais tipos de ve\u00edculos, medida que busca assegurar maior acessibilidade ao contribuinte.<\/p>\n<p>Mato Grosso do Sul tamb\u00e9m se destaca por manter um dos conjuntos mais abrangentes de isen\u00e7\u00f5es e benef\u00edcios fiscais do pa\u00eds. Est\u00e3o dispensados do pagamento, entre outros, ve\u00edculos oficiais, de entidades assistenciais, autarquias, funda\u00e7\u00f5es e templos religiosos; tratores e m\u00e1quinas agr\u00edcolas; aeronaves utilizadas na atividade rural; embarca\u00e7\u00f5es de pescadores profissionais; al\u00e9m de t\u00e1xis, motot\u00e1xis, ambul\u00e2ncias, viaturas do Corpo de Bombeiros, ve\u00edculos diplom\u00e1ticos e autom\u00f3veis com mais de 15 anos de fabrica\u00e7\u00e3o.<\/p>\n<p>Pessoas com Defici\u00eancia (PCD) t\u00eam direito \u00e0 redu\u00e7\u00e3o de 60% no valor do imposto. J\u00e1 empresas com frotas a partir de 30 ve\u00edculos contam com al\u00edquotas diferenciadas. Ve\u00edculos movidos a g\u00e1s natural veicular (GNV) permanecem totalmente isentos, como est\u00edmulo \u00e0 ado\u00e7\u00e3o de alternativas mais sustent\u00e1veis. O imposto tamb\u00e9m n\u00e3o \u00e9 cobrado em situa\u00e7\u00f5es de furto, roubo ou perda total.<\/p>\n<p>O setor produtivo segue contemplado com regras espec\u00edficas. Permanecem v\u00e1lidas as redu\u00e7\u00f5es de al\u00edquotas para ve\u00edculos de carga, transporte coletivo e utilit\u00e1rios, incluindo a diminui\u00e7\u00e3o de at\u00e9 50% na base de c\u00e1lculo para caminh\u00f5es, \u00f4nibus e motorhomes, medida que contribui para a competitividade econ\u00f4mica e o equil\u00edbrio fiscal do Estado.<\/p>\n<p>Mais informa\u00e7\u00f5es e acesso aos servi\u00e7os do IPVA est\u00e3o dispon\u00edveis no site da Secretaria de Estado de Fazenda:\u00a0<a href=\"http:\/\/www.sefaz.ms.gov.br\/ipva\">www.sefaz.ms.gov.br\/ipva<\/a>.<\/p>\n","protected":false},"excerpt":{"rendered":"<p>Os propriet\u00e1rios de ve\u00edculos em Mato Grosso do Sul que escolheram quitar o IPVA 2026 de forma parcelada precisam observar atentamente o cronograma estabelecido pela Secretaria de Estado de Fazenda (Sefaz). A primeira parcela tem vencimento em 30 de janeiro, e as demais se estendem at\u00e9 o fim de maio. O parcelamento est\u00e1 dispon\u00edvel para [&hellip;]<\/p>\n","protected":false},"author":5,"featured_media":42876,"comment_status":"open","ping_status":"open","sticky":false,"template":"","format":"standard","meta":{"om_disable_all_campaigns":false,"_monsterinsights_skip_tracking":false,"_monsterinsights_sitenote_active":false,"_monsterinsights_sitenote_note":"","_monsterinsights_sitenote_category":0,"footnotes":""},"categories":[30,266,193,48],"tags":[],"aioseo_notices":[],"_links":{"self":[{"href":"https:\/\/expressaoms.com.br\/index.php\/wp-json\/wp\/v2\/posts\/42875"}],"collection":[{"href":"https:\/\/expressaoms.com.br\/index.php\/wp-json\/wp\/v2\/posts"}],"about":[{"href":"https:\/\/expressaoms.com.br\/index.php\/wp-json\/wp\/v2\/types\/post"}],"author":[{"embeddable":true,"href":"https:\/\/expressaoms.com.br\/index.php\/wp-json\/wp\/v2\/users\/5"}],"replies":[{"embeddable":true,"href":"https:\/\/expressaoms.com.br\/index.php\/wp-json\/wp\/v2\/comments?post=42875"}],"version-history":[{"count":1,"href":"https:\/\/expressaoms.com.br\/index.php\/wp-json\/wp\/v2\/posts\/42875\/revisions"}],"predecessor-version":[{"id":42877,"href":"https:\/\/expressaoms.com.br\/index.php\/wp-json\/wp\/v2\/posts\/42875\/revisions\/42877"}],"wp:featuredmedia":[{"embeddable":true,"href":"https:\/\/expressaoms.com.br\/index.php\/wp-json\/wp\/v2\/media\/42876"}],"wp:attachment":[{"href":"https:\/\/expressaoms.com.br\/index.php\/wp-json\/wp\/v2\/media?parent=42875"}],"wp:term":[{"taxonomy":"category","embeddable":true,"href":"https:\/\/expressaoms.com.br\/index.php\/wp-json\/wp\/v2\/categories?post=42875"},{"taxonomy":"post_tag","embeddable":true,"href":"https:\/\/expressaoms.com.br\/index.php\/wp-json\/wp\/v2\/tags?post=42875"}],"curies":[{"name":"wp","href":"https:\/\/api.w.org\/{rel}","templated":true}]}}