{"id":42881,"date":"2026-01-21T12:37:23","date_gmt":"2026-01-21T16:37:23","guid":{"rendered":"https:\/\/expressaoms.com.br\/?p=42881"},"modified":"2026-01-21T12:37:23","modified_gmt":"2026-01-21T16:37:23","slug":"tres-lagoas-da-mais-um-passo-na-saude-e-comeca-a-receber-equipamentos-do-programa-reestrutura-aps","status":"publish","type":"post","link":"https:\/\/expressaoms.com.br\/index.php\/2026\/01\/21\/tres-lagoas-da-mais-um-passo-na-saude-e-comeca-a-receber-equipamentos-do-programa-reestrutura-aps\/","title":{"rendered":"Tr\u00eas Lagoas da mais um passo na sa\u00fade e come\u00e7a a receber equipamentos do Programa Reestrutura APS"},"content":{"rendered":"<p>A Prefeitura de Tr\u00eas Lagoas, por meio da Secretaria Municipal de Sa\u00fade (SMS), iniciou o recebimento de equipamentos e mobili\u00e1rios adquiridos atrav\u00e9s do Programa Estrutura APS, iniciativa do Governo Estadual voltada ao fortalecimento da Aten\u00e7\u00e3o Prim\u00e1ria \u00e0 Sa\u00fade (APS).<\/p>\n<p>A a\u00e7\u00e3o tem como objetivo qualificar os servi\u00e7os ofertados \u00e0 popula\u00e7\u00e3o, garantindo melhores condi\u00e7\u00f5es de trabalho para as equipes de sa\u00fade e mais conforto, seguran\u00e7a e resolutividade no atendimento aos usu\u00e1rios do Sistema \u00danico de Sa\u00fade (SUS).<\/p>\n<p>Os primeiros equipamentos j\u00e1 est\u00e3o sendo entregues e organizados nos almoxarifados do munic\u00edpio, contemplando todas as unidades da Aten\u00e7\u00e3o B\u00e1sica e Sistema Prisional.<\/p>\n<p><strong>At\u00e9 o momento, Tr\u00eas Lagoas j\u00e1 recebeu:<\/strong><\/p>\n<ul class=\"wp-block-list\">\n<li>34 balan\u00e7as antropom\u00e9tricas com r\u00e9gua digital;<\/li>\n<li>32 balan\u00e7as port\u00e1teis digitais;<\/li>\n<li>77 aparelhos de ar-condicionado de 12.000 BTUs;<\/li>\n<li>13 cadeiras odontol\u00f3gicas;<\/li>\n<li>4 bombas a v\u00e1cuo odontol\u00f3gicas;<\/li>\n<li>6 c\u00e2maras escuras para revela\u00e7\u00e3o de raio-X odontol\u00f3gico;<\/li>\n<li>15 lavadoras ultrass\u00f4nicas;<\/li>\n<li>16 seladoras;<\/li>\n<li>66 detectores fetais port\u00e1teis.<\/li>\n<li>\u206066 mesas para exames ginecol\u00f3gicos;<\/li>\n<li>2 dermatosc\u00f3pios digitais port\u00e1teis;<\/li>\n<\/ul>\n<p><strong>Al\u00e9m dos itens j\u00e1 entregues, outros equipamentos importantes ainda aguardam chegada, entre eles:<\/strong><\/p>\n<ul class=\"wp-block-list\">\n<li>19 aparelhos de ultrassom odontol\u00f3gico;<\/li>\n<li>19 autoclaves de bancada;<\/li>\n<li>29 biombos;<\/li>\n<li>11 aparelhos de raio-X odontol\u00f3gico;<\/li>\n<li>45 aparelhos fotopolimerizadores tipo caneta;<\/li>\n<li>15 compressores de ar m\u00e9dico\/odontol\u00f3gico.<\/li>\n<\/ul>\n<p>Ao todo, o Programa Reestrutura APS destina 469 equipamentos e mobili\u00e1rios para o munic\u00edpio de Tr\u00eas Lagoas, representando um avan\u00e7o significativo na moderniza\u00e7\u00e3o e amplia\u00e7\u00e3o da estrutura da rede municipal de sa\u00fade.<\/p>\n","protected":false},"excerpt":{"rendered":"<p>A Prefeitura de Tr\u00eas Lagoas, por meio da Secretaria Municipal de Sa\u00fade (SMS), iniciou o recebimento de equipamentos e mobili\u00e1rios adquiridos atrav\u00e9s do Programa Estrutura APS, iniciativa do Governo Estadual voltada ao fortalecimento da Aten\u00e7\u00e3o Prim\u00e1ria \u00e0 Sa\u00fade (APS). A a\u00e7\u00e3o tem como objetivo qualificar os servi\u00e7os ofertados \u00e0 popula\u00e7\u00e3o, garantindo melhores condi\u00e7\u00f5es de trabalho [&hellip;]<\/p>\n","protected":false},"author":5,"featured_media":42882,"comment_status":"open","ping_status":"open","sticky":false,"template":"","format":"standard","meta":{"om_disable_all_campaigns":false,"_monsterinsights_skip_tracking":false,"_monsterinsights_sitenote_active":false,"_monsterinsights_sitenote_note":"","_monsterinsights_sitenote_category":0,"footnotes":""},"categories":[30,266,193,44,48],"tags":[],"aioseo_notices":[],"_links":{"self":[{"href":"https:\/\/expressaoms.com.br\/index.php\/wp-json\/wp\/v2\/posts\/42881"}],"collection":[{"href":"https:\/\/expressaoms.com.br\/index.php\/wp-json\/wp\/v2\/posts"}],"about":[{"href":"https:\/\/expressaoms.com.br\/index.php\/wp-json\/wp\/v2\/types\/post"}],"author":[{"embeddable":true,"href":"https:\/\/expressaoms.com.br\/index.php\/wp-json\/wp\/v2\/users\/5"}],"replies":[{"embeddable":true,"href":"https:\/\/expressaoms.com.br\/index.php\/wp-json\/wp\/v2\/comments?post=42881"}],"version-history":[{"count":1,"href":"https:\/\/expressaoms.com.br\/index.php\/wp-json\/wp\/v2\/posts\/42881\/revisions"}],"predecessor-version":[{"id":42883,"href":"https:\/\/expressaoms.com.br\/index.php\/wp-json\/wp\/v2\/posts\/42881\/revisions\/42883"}],"wp:featuredmedia":[{"embeddable":true,"href":"https:\/\/expressaoms.com.br\/index.php\/wp-json\/wp\/v2\/media\/42882"}],"wp:attachment":[{"href":"https:\/\/expressaoms.com.br\/index.php\/wp-json\/wp\/v2\/media?parent=42881"}],"wp:term":[{"taxonomy":"category","embeddable":true,"href":"https:\/\/expressaoms.com.br\/index.php\/wp-json\/wp\/v2\/categories?post=42881"},{"taxonomy":"post_tag","embeddable":true,"href":"https:\/\/expressaoms.com.br\/index.php\/wp-json\/wp\/v2\/tags?post=42881"}],"curies":[{"name":"wp","href":"https:\/\/api.w.org\/{rel}","templated":true}]}}