{"id":42884,"date":"2026-01-21T13:39:17","date_gmt":"2026-01-21T17:39:17","guid":{"rendered":"https:\/\/expressaoms.com.br\/?p=42884"},"modified":"2026-01-21T12:40:11","modified_gmt":"2026-01-21T16:40:11","slug":"janeiro-roxo-reforca-a-importancia-da-conscientizacao-e-do-cuidado-com-a-hanseniase-em-tres-lagoas","status":"publish","type":"post","link":"https:\/\/expressaoms.com.br\/index.php\/2026\/01\/21\/janeiro-roxo-reforca-a-importancia-da-conscientizacao-e-do-cuidado-com-a-hanseniase-em-tres-lagoas\/","title":{"rendered":"Janeiro Roxo refor\u00e7a a import\u00e2ncia da conscientiza\u00e7\u00e3o e do cuidado com a hansen\u00edase em Tr\u00eas Lagoas"},"content":{"rendered":"<p>O m\u00eas de janeiro \u00e9 marcado pela campanha Janeiro Roxo, dedicada \u00e0 conscientiza\u00e7\u00e3o, preven\u00e7\u00e3o, diagn\u00f3stico precoce e tratamento da hansen\u00edase, doen\u00e7a infecciosa cr\u00f4nica que ainda registra casos em todo o pa\u00eds. Em Tr\u00eas Lagoas, a Secretaria Municipal de Sa\u00fade (SMS) refor\u00e7a a import\u00e2ncia da informa\u00e7\u00e3o e do acompanhamento adequado para garantir qualidade de vida aos pacientes e interromper a cadeia de transmiss\u00e3o.<\/p>\n<p>A hansen\u00edase tem cura, e o tratamento \u00e9 oferecido gratuitamente pelo Sistema \u00danico de Sa\u00fade (SUS). Quanto mais cedo a doen\u00e7a \u00e9 diagnosticada, menores s\u00e3o as chances de complica\u00e7\u00f5es e sequelas. Por isso, a Secretaria orienta a popula\u00e7\u00e3o a procurar a unidade de sa\u00fade mais pr\u00f3xima ao perceber sinais como manchas claras ou avermelhadas na pele com altera\u00e7\u00e3o de sensibilidade, formigamentos ou dorm\u00eancia.<\/p>\n<p><strong>A\u00c7\u00c3O ALUSIVA<\/strong><\/p>\n<p>Como parte das a\u00e7\u00f5es do Janeiro Roxo, ser\u00e1 realizado no dia 28 de janeiro, \u00e0s 8h, o primeiro encontro de 2026 dos pacientes portadores de hansen\u00edase. A iniciativa tem como objetivo promover uma roda de conversa, esclarecer d\u00favidas e incentivar a troca de experi\u00eancias entre os participantes.<\/p>\n<p>O encontro acontecer\u00e1 na Cl\u00ednica Escola da Universidade Federal de Mato Grosso do Sul (UFMS) e ser\u00e1 um momento de acolhimento, escuta e fortalecimento do cuidado integral aos pacientes.<\/p>\n<p><strong>COMO TER ACESSO \u00c0 CL\u00cdNICA DA UFMS<\/strong><\/p>\n<p>Para receber atendimento na Cl\u00ednica Escola da UFMS ao longo do ano, \u00e9 necess\u00e1rio encaminhamento pr\u00e9vio da unidade de sa\u00fade, refor\u00e7ando a import\u00e2ncia do acompanhamento cont\u00ednuo pela rede municipal.<\/p>\n","protected":false},"excerpt":{"rendered":"<p>O m\u00eas de janeiro \u00e9 marcado pela campanha Janeiro Roxo, dedicada \u00e0 conscientiza\u00e7\u00e3o, preven\u00e7\u00e3o, diagn\u00f3stico precoce e tratamento da hansen\u00edase, doen\u00e7a infecciosa cr\u00f4nica que ainda registra casos em todo o pa\u00eds. Em Tr\u00eas Lagoas, a Secretaria Municipal de Sa\u00fade (SMS) refor\u00e7a a import\u00e2ncia da informa\u00e7\u00e3o e do acompanhamento adequado para garantir qualidade de vida aos [&hellip;]<\/p>\n","protected":false},"author":5,"featured_media":42885,"comment_status":"open","ping_status":"open","sticky":false,"template":"","format":"standard","meta":{"om_disable_all_campaigns":false,"_monsterinsights_skip_tracking":false,"_monsterinsights_sitenote_active":false,"_monsterinsights_sitenote_note":"","_monsterinsights_sitenote_category":0,"footnotes":""},"categories":[30,266,193,44,48],"tags":[],"aioseo_notices":[],"_links":{"self":[{"href":"https:\/\/expressaoms.com.br\/index.php\/wp-json\/wp\/v2\/posts\/42884"}],"collection":[{"href":"https:\/\/expressaoms.com.br\/index.php\/wp-json\/wp\/v2\/posts"}],"about":[{"href":"https:\/\/expressaoms.com.br\/index.php\/wp-json\/wp\/v2\/types\/post"}],"author":[{"embeddable":true,"href":"https:\/\/expressaoms.com.br\/index.php\/wp-json\/wp\/v2\/users\/5"}],"replies":[{"embeddable":true,"href":"https:\/\/expressaoms.com.br\/index.php\/wp-json\/wp\/v2\/comments?post=42884"}],"version-history":[{"count":1,"href":"https:\/\/expressaoms.com.br\/index.php\/wp-json\/wp\/v2\/posts\/42884\/revisions"}],"predecessor-version":[{"id":42886,"href":"https:\/\/expressaoms.com.br\/index.php\/wp-json\/wp\/v2\/posts\/42884\/revisions\/42886"}],"wp:featuredmedia":[{"embeddable":true,"href":"https:\/\/expressaoms.com.br\/index.php\/wp-json\/wp\/v2\/media\/42885"}],"wp:attachment":[{"href":"https:\/\/expressaoms.com.br\/index.php\/wp-json\/wp\/v2\/media?parent=42884"}],"wp:term":[{"taxonomy":"category","embeddable":true,"href":"https:\/\/expressaoms.com.br\/index.php\/wp-json\/wp\/v2\/categories?post=42884"},{"taxonomy":"post_tag","embeddable":true,"href":"https:\/\/expressaoms.com.br\/index.php\/wp-json\/wp\/v2\/tags?post=42884"}],"curies":[{"name":"wp","href":"https:\/\/api.w.org\/{rel}","templated":true}]}}