{"id":42887,"date":"2026-01-21T14:40:28","date_gmt":"2026-01-21T18:40:28","guid":{"rendered":"https:\/\/expressaoms.com.br\/?p=42887"},"modified":"2026-01-21T12:42:41","modified_gmt":"2026-01-21T16:42:41","slug":"prefeitura-de-tres-lagoas-divulga-atualizacao-do-parque-produtivo-do-municipio","status":"publish","type":"post","link":"https:\/\/expressaoms.com.br\/index.php\/2026\/01\/21\/prefeitura-de-tres-lagoas-divulga-atualizacao-do-parque-produtivo-do-municipio\/","title":{"rendered":"Prefeitura de Tr\u00eas Lagoas divulga atualiza\u00e7\u00e3o do Parque Produtivo do Munic\u00edpio"},"content":{"rendered":"<p>A Prefeitura de Tr\u00eas Lagoas, por meio da Secretaria Municipal de Sa\u00fade (SMS) pela Vigil\u00e2ncia em Sa\u00fade do Trabalhador, divulga a atualiza\u00e7\u00e3o do Parque Produtivo do Munic\u00edpio, documento que re\u00fane informa\u00e7\u00f5es fundamentais sobre o territ\u00f3rio, a popula\u00e7\u00e3o e o perfil produtivo local, com foco na sa\u00fade do trabalhador.<\/p>\n<p>O Parque Produtivo \u00e9 um instrumento t\u00e9cnico que apresenta a caracteriza\u00e7\u00e3o e an\u00e1lise do munic\u00edpio, contemplando dados territoriais, perfil populacional geral e da popula\u00e7\u00e3o trabalhadora, informa\u00e7\u00f5es epidemiol\u00f3gicas, atividades econ\u00f4micas predominantes e os principais riscos \u00e0 sa\u00fade relacionados ao trabalho. O documento subsidia o planejamento de a\u00e7\u00f5es de promo\u00e7\u00e3o, preven\u00e7\u00e3o, vigil\u00e2ncia e prote\u00e7\u00e3o \u00e0 sa\u00fade dos trabalhadores de Tr\u00eas Lagoas.<\/p>\n<p>A atualiza\u00e7\u00e3o do Parque Produtivo foi realizada por ser obrigat\u00f3ria a revis\u00e3o do documento a cada dois anos. A \u00faltima vers\u00e3o havia sido divulgada em 2023 e, conforme a normativa, o munic\u00edpio realizou a nova atualiza\u00e7\u00e3o em dezembro de 2025, com previs\u00e3o de divulga\u00e7\u00e3o no primeiro quadrimestre de 2026.<\/p>\n<p>O levantamento e a an\u00e1lise dos dados foram realizados pela equipe da Vigil\u00e2ncia em Sa\u00fade do Trabalhador, com base em informa\u00e7\u00f5es de sistemas oficiais, como IBGE, Novo Caged, e-SUS, SINAN, SIM e bases municipais, permitindo um diagn\u00f3stico atualizado da realidade produtiva e laboral do munic\u00edpio.<\/p>\n<p>Segundo a Secretaria Municipal de Sa\u00fade, o Parque Produtivo \u00e9 essencial para orientar a tomada de decis\u00f5es, identificar setores e atividades com maior potencial de risco, fortalecer a vigil\u00e2ncia em sa\u00fade do trabalhador e aprimorar as pol\u00edticas p\u00fablicas voltadas \u00e0 qualidade de vida e \u00e0 seguran\u00e7a da popula\u00e7\u00e3o trabalhadora.<\/p>\n<p><a href=\"https:\/\/expressaoms.com.br\/wp-content\/uploads\/2026\/01\/ACFrOgBp-aPgymsYzOiC8hxIRA4uwqYTRNGS0zIlMVAMU2ijYk4aKFpmzVpBi-WF-TVRFfQbBbCfZdUCzXsBI_uYD7Gp4BTfuvS3ACOegc8ZVQ1wRsAU-936qrAJF9Prz0RmjC-0ylcCBnwEc_Q8.pdf\">PARQUE PRODUTIVO<\/a><\/p>\n","protected":false},"excerpt":{"rendered":"<p>A Prefeitura de Tr\u00eas Lagoas, por meio da Secretaria Municipal de Sa\u00fade (SMS) pela Vigil\u00e2ncia em Sa\u00fade do Trabalhador, divulga a atualiza\u00e7\u00e3o do Parque Produtivo do Munic\u00edpio, documento que re\u00fane informa\u00e7\u00f5es fundamentais sobre o territ\u00f3rio, a popula\u00e7\u00e3o e o perfil produtivo local, com foco na sa\u00fade do trabalhador. O Parque Produtivo \u00e9 um instrumento t\u00e9cnico [&hellip;]<\/p>\n","protected":false},"author":5,"featured_media":42889,"comment_status":"open","ping_status":"open","sticky":false,"template":"","format":"standard","meta":{"om_disable_all_campaigns":false,"_monsterinsights_skip_tracking":false,"_monsterinsights_sitenote_active":false,"_monsterinsights_sitenote_note":"","_monsterinsights_sitenote_category":0,"footnotes":""},"categories":[30,36,266,193,48],"tags":[],"aioseo_notices":[],"_links":{"self":[{"href":"https:\/\/expressaoms.com.br\/index.php\/wp-json\/wp\/v2\/posts\/42887"}],"collection":[{"href":"https:\/\/expressaoms.com.br\/index.php\/wp-json\/wp\/v2\/posts"}],"about":[{"href":"https:\/\/expressaoms.com.br\/index.php\/wp-json\/wp\/v2\/types\/post"}],"author":[{"embeddable":true,"href":"https:\/\/expressaoms.com.br\/index.php\/wp-json\/wp\/v2\/users\/5"}],"replies":[{"embeddable":true,"href":"https:\/\/expressaoms.com.br\/index.php\/wp-json\/wp\/v2\/comments?post=42887"}],"version-history":[{"count":1,"href":"https:\/\/expressaoms.com.br\/index.php\/wp-json\/wp\/v2\/posts\/42887\/revisions"}],"predecessor-version":[{"id":42890,"href":"https:\/\/expressaoms.com.br\/index.php\/wp-json\/wp\/v2\/posts\/42887\/revisions\/42890"}],"wp:featuredmedia":[{"embeddable":true,"href":"https:\/\/expressaoms.com.br\/index.php\/wp-json\/wp\/v2\/media\/42889"}],"wp:attachment":[{"href":"https:\/\/expressaoms.com.br\/index.php\/wp-json\/wp\/v2\/media?parent=42887"}],"wp:term":[{"taxonomy":"category","embeddable":true,"href":"https:\/\/expressaoms.com.br\/index.php\/wp-json\/wp\/v2\/categories?post=42887"},{"taxonomy":"post_tag","embeddable":true,"href":"https:\/\/expressaoms.com.br\/index.php\/wp-json\/wp\/v2\/tags?post=42887"}],"curies":[{"name":"wp","href":"https:\/\/api.w.org\/{rel}","templated":true}]}}