{"id":42891,"date":"2026-01-21T15:43:02","date_gmt":"2026-01-21T19:43:02","guid":{"rendered":"https:\/\/expressaoms.com.br\/?p=42891"},"modified":"2026-01-21T12:43:58","modified_gmt":"2026-01-21T16:43:58","slug":"prefeito-assina-ordem-de-servico-para-construcao-do-cei-portinari-no-jardim-alvorada","status":"publish","type":"post","link":"https:\/\/expressaoms.com.br\/index.php\/2026\/01\/21\/prefeito-assina-ordem-de-servico-para-construcao-do-cei-portinari-no-jardim-alvorada\/","title":{"rendered":"Prefeito assina ordem de servi\u00e7o para constru\u00e7\u00e3o do CEI Portinari no Jardim Alvorada"},"content":{"rendered":"<p>Reafirmando o compromisso com a educa\u00e7\u00e3o como prioridade da gest\u00e3o municipal, o prefeito de Tr\u00eas Lagoas, Dr. Cassiano Maia, assinou na manh\u00e3 desta quarta-feira, 21 de janeiro, a ordem de servi\u00e7o que autoriza o in\u00edcio das obras do Centro de Educa\u00e7\u00e3o Infantil (CEI) Portinari, no bairro Jardim Alvorada.<\/p>\n<p>A nova unidade educacional ser\u00e1 constru\u00edda na Rua Jos\u00e9 Amim, s\/n, em \u00e1rea institucional do bairro, com investimento total de R$ 5.037.629,67, provenientes de recursos do Fundo Nacional de Desenvolvimento da Educa\u00e7\u00e3o (FNDE), por meio do Programa de Acelera\u00e7\u00e3o do Crescimento (PAC) \u2013 Educa\u00e7\u00e3o B\u00e1sica<\/p>\n<p>Durante a solenidade, o prefeito destacou a import\u00e2ncia da obra, que marca o in\u00edcio do segundo ano de sua gest\u00e3o, e refor\u00e7ou que ampliar o acesso \u00e0 educa\u00e7\u00e3o infantil \u00e9 uma das metas permanentes da Prefeitura de Tr\u00eas Lagoas. \u201cNosso compromisso \u00e9 aumentar, a cada ano, o n\u00famero de vagas para atender a popula\u00e7\u00e3o. Investir em escola de tempo integral e em centros de educa\u00e7\u00e3o infantil \u00e9 melhorar o ensino e a qualidade de vida das nossas crian\u00e7as, al\u00e9m de garantir seguran\u00e7a \u00e0s fam\u00edlias e melhores condi\u00e7\u00f5es de trabalho aos servidores\u201d, afirmou.<\/p>\n<p>Al\u00e9m do prefeito, participaram da solenidade os secret\u00e1rios municipais, o presidente da C\u00e2mara Municipal de Tr\u00eas Lagoas, Tonh\u00e3o e os vereadores Fernando Jurado, Evalda Reis, M\u00e1rio Grespan, Sirlene dos Santos, Robson do Alinhamento e Sargento Rodrigues.<\/p>\n<p>O CEI Portinari seguir\u00e1 o padr\u00e3o Proinf\u00e2ncia Tipo I, com funcionamento em tempo integral, e ter\u00e1 capacidade para atender cerca de 190 crian\u00e7as, de 0 a 5 anos e 11 meses, ampliando significativamente a oferta de vagas na rede municipal de ensino infantil.<\/p>\n<p><strong>CEI PORTINARI<\/strong><\/p>\n<p>A \u00e1rea constru\u00edda ser\u00e1 de 1.541,14 m\u00b2, distribu\u00edda em dois blocos interligados por circula\u00e7\u00e3o coberta, com salas de atividades, espa\u00e7os pedag\u00f3gicos, \u00e1reas administrativas, refeit\u00f3rio, cozinha, lact\u00e1rio, p\u00e1tio coberto, playground e ambientes adequados para o desenvolvimento integral das crian\u00e7as.<\/p>\n<p>A implanta\u00e7\u00e3o do CEI Portinari atende a uma demanda crescente por vagas na educa\u00e7\u00e3o infantil, especialmente em regi\u00f5es com mais demandas, e representa um importante avan\u00e7o para o fortalecimento das pol\u00edticas p\u00fablicas voltadas \u00e0 primeira inf\u00e2ncia em Tr\u00eas Lagoas e o desenvolvimento social do munic\u00edpio.<\/p>\n","protected":false},"excerpt":{"rendered":"<p>Reafirmando o compromisso com a educa\u00e7\u00e3o como prioridade da gest\u00e3o municipal, o prefeito de Tr\u00eas Lagoas, Dr. Cassiano Maia, assinou na manh\u00e3 desta quarta-feira, 21 de janeiro, a ordem de servi\u00e7o que autoriza o in\u00edcio das obras do Centro de Educa\u00e7\u00e3o Infantil (CEI) Portinari, no bairro Jardim Alvorada. A nova unidade educacional ser\u00e1 constru\u00edda na [&hellip;]<\/p>\n","protected":false},"author":5,"featured_media":42892,"comment_status":"open","ping_status":"open","sticky":false,"template":"","format":"standard","meta":{"om_disable_all_campaigns":false,"_monsterinsights_skip_tracking":false,"_monsterinsights_sitenote_active":false,"_monsterinsights_sitenote_note":"","_monsterinsights_sitenote_category":0,"footnotes":""},"categories":[30,32,266,193,48],"tags":[],"aioseo_notices":[],"_links":{"self":[{"href":"https:\/\/expressaoms.com.br\/index.php\/wp-json\/wp\/v2\/posts\/42891"}],"collection":[{"href":"https:\/\/expressaoms.com.br\/index.php\/wp-json\/wp\/v2\/posts"}],"about":[{"href":"https:\/\/expressaoms.com.br\/index.php\/wp-json\/wp\/v2\/types\/post"}],"author":[{"embeddable":true,"href":"https:\/\/expressaoms.com.br\/index.php\/wp-json\/wp\/v2\/users\/5"}],"replies":[{"embeddable":true,"href":"https:\/\/expressaoms.com.br\/index.php\/wp-json\/wp\/v2\/comments?post=42891"}],"version-history":[{"count":1,"href":"https:\/\/expressaoms.com.br\/index.php\/wp-json\/wp\/v2\/posts\/42891\/revisions"}],"predecessor-version":[{"id":42893,"href":"https:\/\/expressaoms.com.br\/index.php\/wp-json\/wp\/v2\/posts\/42891\/revisions\/42893"}],"wp:featuredmedia":[{"embeddable":true,"href":"https:\/\/expressaoms.com.br\/index.php\/wp-json\/wp\/v2\/media\/42892"}],"wp:attachment":[{"href":"https:\/\/expressaoms.com.br\/index.php\/wp-json\/wp\/v2\/media?parent=42891"}],"wp:term":[{"taxonomy":"category","embeddable":true,"href":"https:\/\/expressaoms.com.br\/index.php\/wp-json\/wp\/v2\/categories?post=42891"},{"taxonomy":"post_tag","embeddable":true,"href":"https:\/\/expressaoms.com.br\/index.php\/wp-json\/wp\/v2\/tags?post=42891"}],"curies":[{"name":"wp","href":"https:\/\/api.w.org\/{rel}","templated":true}]}}