{"id":42897,"date":"2026-01-21T17:06:49","date_gmt":"2026-01-21T21:06:49","guid":{"rendered":"https:\/\/expressaoms.com.br\/?p=42897"},"modified":"2026-01-21T12:47:41","modified_gmt":"2026-01-21T16:47:41","slug":"brasilandia-torna-se-a-36a-cidade-do-estado-a-receber-unidade-da-funtrab-inauguracao-reuniu-autoridades-e-setor-produtivo","status":"publish","type":"post","link":"https:\/\/expressaoms.com.br\/index.php\/2026\/01\/21\/brasilandia-torna-se-a-36a-cidade-do-estado-a-receber-unidade-da-funtrab-inauguracao-reuniu-autoridades-e-setor-produtivo\/","title":{"rendered":"Brasil\u00e2ndia torna-se a 36\u00aa cidade do estado a receber unidade da Funtrab; inaugura\u00e7\u00e3o reuniu autoridades e setor produtivo"},"content":{"rendered":"<p>A manh\u00e3 desta ter\u00e7a-feira,\u00a0<strong>20 de janeiro<\/strong>, marcou um avan\u00e7o significativo para o desenvolvimento econ\u00f4mico e social de Brasil\u00e2ndia. Em uma cerim\u00f4nia que reuniu lideran\u00e7as pol\u00edticas e representantes do setor privado, o munic\u00edpio oficializou a inaugura\u00e7\u00e3o de uma unidade da\u00a0<strong>Funda\u00e7\u00e3o do Trabalho de Mato Grosso do Sul (Funtrab)<\/strong>, tornando-se a 36\u00aa cidade do estado a contar com este bra\u00e7o estrat\u00e9gico de empregabilidade.<\/p>\n<p>&nbsp;<\/p>\n<p>O evento teve in\u00edcio \u00e0s 10h, com a acolhida dos convidados, e logo formou-se a mesa de honra que evidenciou a uni\u00e3o de esfor\u00e7os entre as esferas de governo, al\u00e9m de representantes da iniciativa privada. Estiveram presentes o Secret\u00e1rio-Adjunto Estadual de Meio Ambiente, Desenvolvimento, Ci\u00eancia, Tecnologia e Inova\u00e7\u00e3o, Artur Falcettek; a Diretora-Presidente da Funtrab,\u00a0<strong>Marina Dobashi<\/strong>;\u00a0<strong>o\u00a0<\/strong><strong>Secret\u00e1rio-adjunto da Casa Civil de MS, \u200b\u200b \u00c9der Uilson Fran\u00e7a Lima (Tuta<\/strong>), al\u00e9m de<strong>\u00a0demais autoridades do munic\u00edpio e Estado.<\/strong><\/p>\n<p>&nbsp;<\/p>\n<p><strong>Ponte para o Mercado de Trabalho<\/strong><\/p>\n<p>Durante os pronunciamentos, ficou evidente que a nova unidade n\u00e3o \u00e9 apenas um pr\u00e9dio administrativo, mas um centro de oportunidades. A Funtrab atua como mediadora entre quem precisa trabalhar e quem precisa contratar, oferecendo servi\u00e7os essenciais como a intermedia\u00e7\u00e3o de m\u00e3o de obra, emiss\u00e3o da Carteira de Trabalho Digital, aux\u00edlio no seguro-desemprego e pol\u00edticas de inclus\u00e3o para Pessoas com Defici\u00eancia (PCD).<\/p>\n<p>&nbsp;<\/p>\n<p>A prefeita M\u00e1rcia Amaral destacou a import\u00e2ncia da parceria com o Governo do Estado e com empresas do Munic\u00edpio e regi\u00e3o para qualificarem e inserirem o trabalhador brasilandense no mercado. J\u00e1 Arthur, enfatizou como a integra\u00e7\u00e3o das pol\u00edticas de desenvolvimento atrai investimentos e gera renda para a popula\u00e7\u00e3o local.<\/p>\n<p>&nbsp;<\/p>\n<p>&nbsp;<\/p>\n<p><strong>Solenidade e In\u00edcio dos Trabalhos<\/strong><\/p>\n<p>O ponto alto da cerim\u00f4nia foi o descerramento simb\u00f3lico da placa de inagura\u00e7\u00e3o oficializando a abertura das portas. A partir de agora, os trabalhadores de Brasil\u00e2ndia podem buscar atendimento presencial na unidade ou WhatsApp, tendo acesso a servi\u00e7os inteiramente gratuitos e seguros.<\/p>\n<p>&nbsp;<\/p>\n<p>A instala\u00e7\u00e3o da Funtrab consolida Brasil\u00e2ndia na rota do desenvolvimento estadual, oferecendo uma estrutura profissional para que a popula\u00e7\u00e3o tenha acesso digno e facilitado \u00e0s oportunidades de emprego que surgem com o crescimento da regi\u00e3o.<\/p>\n","protected":false},"excerpt":{"rendered":"<p>A manh\u00e3 desta ter\u00e7a-feira,\u00a020 de janeiro, marcou um avan\u00e7o significativo para o desenvolvimento econ\u00f4mico e social de Brasil\u00e2ndia. Em uma cerim\u00f4nia que reuniu lideran\u00e7as pol\u00edticas e representantes do setor privado, o munic\u00edpio oficializou a inaugura\u00e7\u00e3o de uma unidade da\u00a0Funda\u00e7\u00e3o do Trabalho de Mato Grosso do Sul (Funtrab), tornando-se a 36\u00aa cidade do estado a contar [&hellip;]<\/p>\n","protected":false},"author":5,"featured_media":42898,"comment_status":"open","ping_status":"open","sticky":false,"template":"","format":"standard","meta":{"om_disable_all_campaigns":false,"_monsterinsights_skip_tracking":false,"_monsterinsights_sitenote_active":false,"_monsterinsights_sitenote_note":"","_monsterinsights_sitenote_category":0,"footnotes":""},"categories":[26,30,266,193],"tags":[],"aioseo_notices":[],"_links":{"self":[{"href":"https:\/\/expressaoms.com.br\/index.php\/wp-json\/wp\/v2\/posts\/42897"}],"collection":[{"href":"https:\/\/expressaoms.com.br\/index.php\/wp-json\/wp\/v2\/posts"}],"about":[{"href":"https:\/\/expressaoms.com.br\/index.php\/wp-json\/wp\/v2\/types\/post"}],"author":[{"embeddable":true,"href":"https:\/\/expressaoms.com.br\/index.php\/wp-json\/wp\/v2\/users\/5"}],"replies":[{"embeddable":true,"href":"https:\/\/expressaoms.com.br\/index.php\/wp-json\/wp\/v2\/comments?post=42897"}],"version-history":[{"count":1,"href":"https:\/\/expressaoms.com.br\/index.php\/wp-json\/wp\/v2\/posts\/42897\/revisions"}],"predecessor-version":[{"id":42899,"href":"https:\/\/expressaoms.com.br\/index.php\/wp-json\/wp\/v2\/posts\/42897\/revisions\/42899"}],"wp:featuredmedia":[{"embeddable":true,"href":"https:\/\/expressaoms.com.br\/index.php\/wp-json\/wp\/v2\/media\/42898"}],"wp:attachment":[{"href":"https:\/\/expressaoms.com.br\/index.php\/wp-json\/wp\/v2\/media?parent=42897"}],"wp:term":[{"taxonomy":"category","embeddable":true,"href":"https:\/\/expressaoms.com.br\/index.php\/wp-json\/wp\/v2\/categories?post=42897"},{"taxonomy":"post_tag","embeddable":true,"href":"https:\/\/expressaoms.com.br\/index.php\/wp-json\/wp\/v2\/tags?post=42897"}],"curies":[{"name":"wp","href":"https:\/\/api.w.org\/{rel}","templated":true}]}}