{"id":42900,"date":"2026-01-22T06:05:48","date_gmt":"2026-01-22T10:05:48","guid":{"rendered":"https:\/\/expressaoms.com.br\/?p=42900"},"modified":"2026-01-22T06:05:48","modified_gmt":"2026-01-22T10:05:48","slug":"governo-estabelece-nova-regra-permanente-de-reajuste-do-piso-salarial-nacional-do-magisterio","status":"publish","type":"post","link":"https:\/\/expressaoms.com.br\/index.php\/2026\/01\/22\/governo-estabelece-nova-regra-permanente-de-reajuste-do-piso-salarial-nacional-do-magisterio\/","title":{"rendered":"Governo estabelece nova regra permanente de reajuste do piso salarial nacional do magist\u00e9rio"},"content":{"rendered":"<p class=\"ds-markdown-paragraph\">O presidente Luiz In\u00e1cio Lula da Silva assinou nesta quarta-feira, 21, uma Medida Provis\u00f3ria (MP) que institui uma regra permanente para o reajuste anual do piso salarial nacional dos professores da rede p\u00fablica. Acompanhado pelo ministro da Educa\u00e7\u00e3o, Camilo Santana, o ato visa a dar mais previsibilidade e estabilidade aos reajustes da categoria.<\/p>\n<p class=\"ds-markdown-paragraph\">Com base na nova f\u00f3rmula, j\u00e1 em vigor para este ano, o piso do magist\u00e9rio ter\u00e1 um aumento de\u00a05,4% em 2025, passando de\u00a0R$ 4.867,77 para R$ 5.130,63. As informa\u00e7\u00f5es foram confirmadas pela Secretaria de Comunica\u00e7\u00e3o Social da Presid\u00eancia da Rep\u00fablica (Secom).<\/p>\n<p class=\"ds-markdown-paragraph\">A MP define que o reajuste do piso salarial dos professores ser\u00e1 calculado anualmente a partir da soma de dois componentes:<\/p>\n<ol start=\"1\">\n<li>\n<p class=\"ds-markdown-paragraph\"><strong>Reposi\u00e7\u00e3o da Infla\u00e7\u00e3o:<\/strong>\u00a0Integralmente pelo \u00cdndice Nacional de Pre\u00e7os ao Consumidor (INPC) do ano anterior.<\/p>\n<\/li>\n<li>\n<p class=\"ds-markdown-paragraph\"><strong>Componente de Valoriza\u00e7\u00e3o:<\/strong>\u00a0Equivalente a\u00a0<strong>50% da varia\u00e7\u00e3o percentual real<\/strong>\u00a0(descontada a infla\u00e7\u00e3o) da contribui\u00e7\u00e3o dos Estados, do Distrito Federal e dos munic\u00edpios ao Fundo de Manuten\u00e7\u00e3o e Desenvolvimento da Educa\u00e7\u00e3o B\u00e1sica (Fundeb). O c\u00e1lculo considera a m\u00e9dia da varia\u00e7\u00e3o real dessas contribui\u00e7\u00f5es nos\u00a0<strong>cinco anos anteriores<\/strong>\u00a0ao do reajuste.<\/p>\n<\/li>\n<\/ol>\n<p class=\"ds-markdown-paragraph\">A regra estabelece um\u00a0piso de seguran\u00e7a: o percentual total de aumento\u00a0nunca poder\u00e1 ser inferior \u00e0 infla\u00e7\u00e3o\u00a0do ano anterior, medida pelo INPC. Isso garante que, mesmo em cen\u00e1rios econ\u00f4micos adversos, os professores n\u00e3o percam poder de compra.<\/p>\n<p class=\"ds-markdown-paragraph\">A nova regra p\u00f5e fim a um per\u00edodo de incertezas e disputas judiciais sobre o percentual de corre\u00e7\u00e3o do piso, que em anos anteriores gerou atrasos e inseguran\u00e7a para os entes federados e para a categoria docente.<\/p>\n<p class=\"ds-markdown-paragraph\">&#8220;Estamos cumprindo um compromisso de valoriza\u00e7\u00e3o dos nossos professores e professoras, que s\u00e3o a espinha dorsal da educa\u00e7\u00e3o p\u00fablica no Brasil. Com uma regra clara e justa, que vai al\u00e9m da simples reposi\u00e7\u00e3o da infla\u00e7\u00e3o, damos um passo importante para a qualidade da educa\u00e7\u00e3o&#8221;, afirmou o ministro Camilo Santana, em nota divulgada pela Secom.<\/p>\n<p class=\"ds-markdown-paragraph\">A Medida Provis\u00f3ria entra em vigor imediatamente, mas precisa ser aprovada pelo Congresso Nacional em at\u00e9 120 dias para se tornar lei permanente. O reajuste de 5,4% para 2025 j\u00e1 est\u00e1 autorizado e os entes federados devem se preparar para implementar o novo valor em suas folhas de pagamento.<\/p>\n","protected":false},"excerpt":{"rendered":"<p>O presidente Luiz In\u00e1cio Lula da Silva assinou nesta quarta-feira, 21, uma Medida Provis\u00f3ria (MP) que institui uma regra permanente para o reajuste anual do piso salarial nacional dos professores da rede p\u00fablica. Acompanhado pelo ministro da Educa\u00e7\u00e3o, Camilo Santana, o ato visa a dar mais previsibilidade e estabilidade aos reajustes da categoria. Com base [&hellip;]<\/p>\n","protected":false},"author":5,"featured_media":42901,"comment_status":"open","ping_status":"open","sticky":false,"template":"","format":"standard","meta":{"om_disable_all_campaigns":false,"_monsterinsights_skip_tracking":false,"_monsterinsights_sitenote_active":false,"_monsterinsights_sitenote_note":"","_monsterinsights_sitenote_category":0,"footnotes":""},"categories":[30,31,32,266,193],"tags":[],"aioseo_notices":[],"_links":{"self":[{"href":"https:\/\/expressaoms.com.br\/index.php\/wp-json\/wp\/v2\/posts\/42900"}],"collection":[{"href":"https:\/\/expressaoms.com.br\/index.php\/wp-json\/wp\/v2\/posts"}],"about":[{"href":"https:\/\/expressaoms.com.br\/index.php\/wp-json\/wp\/v2\/types\/post"}],"author":[{"embeddable":true,"href":"https:\/\/expressaoms.com.br\/index.php\/wp-json\/wp\/v2\/users\/5"}],"replies":[{"embeddable":true,"href":"https:\/\/expressaoms.com.br\/index.php\/wp-json\/wp\/v2\/comments?post=42900"}],"version-history":[{"count":1,"href":"https:\/\/expressaoms.com.br\/index.php\/wp-json\/wp\/v2\/posts\/42900\/revisions"}],"predecessor-version":[{"id":42902,"href":"https:\/\/expressaoms.com.br\/index.php\/wp-json\/wp\/v2\/posts\/42900\/revisions\/42902"}],"wp:featuredmedia":[{"embeddable":true,"href":"https:\/\/expressaoms.com.br\/index.php\/wp-json\/wp\/v2\/media\/42901"}],"wp:attachment":[{"href":"https:\/\/expressaoms.com.br\/index.php\/wp-json\/wp\/v2\/media?parent=42900"}],"wp:term":[{"taxonomy":"category","embeddable":true,"href":"https:\/\/expressaoms.com.br\/index.php\/wp-json\/wp\/v2\/categories?post=42900"},{"taxonomy":"post_tag","embeddable":true,"href":"https:\/\/expressaoms.com.br\/index.php\/wp-json\/wp\/v2\/tags?post=42900"}],"curies":[{"name":"wp","href":"https:\/\/api.w.org\/{rel}","templated":true}]}}