{"id":42909,"date":"2026-01-22T06:31:29","date_gmt":"2026-01-22T10:31:29","guid":{"rendered":"https:\/\/expressaoms.com.br\/?p=42909"},"modified":"2026-01-22T06:31:29","modified_gmt":"2026-01-22T10:31:29","slug":"crime-passional-abala-campo-grande-dono-de-restaurante-e-morto-a-facadas-pelo-gerente-que-depois-comete-suicidio","status":"publish","type":"post","link":"https:\/\/expressaoms.com.br\/index.php\/2026\/01\/22\/crime-passional-abala-campo-grande-dono-de-restaurante-e-morto-a-facadas-pelo-gerente-que-depois-comete-suicidio\/","title":{"rendered":"Crime passional abala Campo Grande: dono de restaurante \u00e9 morto a facadas pelo gerente, que depois comete suic\u00eddio"},"content":{"rendered":"<p class=\"ds-markdown-paragraph\">A tarde desta quarta-feira (21) foi marcada por uma cena de horror em um restaurante da capital. O empres\u00e1rio\u00a0Andr\u00e9 Luis Mitidiero, de 41 anos, dono da Luigi Salgados, foi assassinado a facadas dentro do pr\u00f3prio estabelecimento. O autor do crime foi seu gerente,\u00a0Eduardo Ara\u00fajo, que, em seguida, tirou a pr\u00f3pria vida. A principal linha de investiga\u00e7\u00e3o da Pol\u00edcia Civil aponta para um motivo passional: ci\u00fames.<\/p>\n<p class=\"ds-markdown-paragraph\">De acordo com o delegado\u00a0Camilo Kettenhuber Cavalheiro, respons\u00e1vel pelo caso, Andr\u00e9 foi ao restaurante por volta das 15h para retirar uma entrega, levando consigo seu filho de apenas\u00a03 anos. A crian\u00e7a testemunhou toda a agress\u00e3o. Ao chegar, o empres\u00e1rio foi surpreendido pelo gerente, que desferiu os golpes sem proferir uma \u00fanica palavra.<\/p>\n<p class=\"ds-markdown-paragraph\">&#8220;A v\u00edtima foi atingida por diversas facadas nas costas, t\u00f3rax e pesco\u00e7o. Tamb\u00e9m apresentava ferimentos cortantes nos bra\u00e7os e nas m\u00e3os, compat\u00edveis com uma tentativa de se defender do ataque&#8221;, detalhou o delegado.<\/p>\n<p class=\"ds-markdown-paragraph\">As evid\u00eancias coletadas no local indicam que o crime foi planejado. &#8220;Encontramos a bainha da faca utilizada, ainda com a etiqueta de pre\u00e7o, dentro do arm\u00e1rio do Eduardo. Ele comprou a arma do crime recentemente&#8221;, revelou Cavalheiro. Outro ind\u00edcio importante foi o relato de funcion\u00e1rios de que o gerente, de forma at\u00edpica,\u00a0liberou a equipe da cozinha\u00a0pouco antes da chegada do patr\u00e3o, isolando o ambiente.<\/p>\n<p class=\"ds-markdown-paragraph\">A pol\u00edcia trabalha com a hip\u00f3tese de que o ataque foi motivado por\u00a0ci\u00fames da rela\u00e7\u00e3o entre a v\u00edtima e a ex-mulher de Eduardo, que tamb\u00e9m trabalha no restaurante. O casal estaria separado desde dezembro de 2025. &#8220;Estamos apurando a natureza desse relacionamento. A ex-esposa do autor ser\u00e1 ouvida nos pr\u00f3ximos dias como testemunha fundamental&#8221;, completou o delegado.<\/p>\n<p class=\"ds-markdown-paragraph\">As\u00a0imagens das c\u00e2meras de seguran\u00e7a\u00a0do estabelecimento foram apreendidas e devem reconstituir com precis\u00e3o a sequ\u00eancia dos fatos.<\/p>\n<p class=\"ds-markdown-paragraph\">O caso foi registrado como\u00a0homic\u00eddio seguido de suic\u00eddio. Os corpos foram removidos e encaminhados ao Instituto M\u00e9dico Legal (IML) para exames necrosc\u00f3picos.<\/p>\n<p class=\"ds-markdown-paragraph\">A trag\u00e9dia chocou a comunidade local e o meio empresarial. Em suas redes sociais, a\u00a0Luigi Salgados\u00a0publicou uma nota de pesar. &#8220;Com profundo pesar, comunicamos o falecimento de nosso querido propriet\u00e1rio, Andr\u00e9 Luis Mitidiero. Que as boas lembran\u00e7as de Andr\u00e9 permane\u00e7am vivas no cora\u00e7\u00e3o de todos. Pedimos respeito e ora\u00e7\u00f5es pela fam\u00edlia neste momento de imensa dor&#8221;, diz o texto.<\/p>\n<p class=\"ds-markdown-paragraph\">A investiga\u00e7\u00e3o, conduzida pela Delegacia de Homic\u00eddios, continua para consolidar as provas e entender completamente a din\u00e2mica do crime que terminou com duas vidas perdidas.<\/p>\n<p><img fetchpriority=\"high\" decoding=\"async\" class=\"alignnone size-medium wp-image-42911\" src=\"https:\/\/expressaoms.com.br\/wp-content\/uploads\/2026\/01\/sem-titulo-300x200.avif\" alt=\"\" width=\"300\" height=\"200\" srcset=\"https:\/\/expressaoms.com.br\/wp-content\/uploads\/2026\/01\/sem-titulo-300x200.avif 300w, https:\/\/expressaoms.com.br\/wp-content\/uploads\/2026\/01\/sem-titulo-768x512.avif 768w, https:\/\/expressaoms.com.br\/wp-content\/uploads\/2026\/01\/sem-titulo-600x400.avif 600w, https:\/\/expressaoms.com.br\/wp-content\/uploads\/2026\/01\/sem-titulo.avif 1000w\" sizes=\"(max-width: 300px) 100vw, 300px\" \/><\/p>\n","protected":false},"excerpt":{"rendered":"<p>A tarde desta quarta-feira (21) foi marcada por uma cena de horror em um restaurante da capital. O empres\u00e1rio\u00a0Andr\u00e9 Luis Mitidiero, de 41 anos, dono da Luigi Salgados, foi assassinado a facadas dentro do pr\u00f3prio estabelecimento. O autor do crime foi seu gerente,\u00a0Eduardo Ara\u00fajo, que, em seguida, tirou a pr\u00f3pria vida. A principal linha de [&hellip;]<\/p>\n","protected":false},"author":5,"featured_media":42910,"comment_status":"open","ping_status":"open","sticky":false,"template":"","format":"standard","meta":{"om_disable_all_campaigns":false,"_monsterinsights_skip_tracking":false,"_monsterinsights_sitenote_active":false,"_monsterinsights_sitenote_note":"","_monsterinsights_sitenote_category":0,"footnotes":""},"categories":[27,30,266,193],"tags":[],"aioseo_notices":[],"_links":{"self":[{"href":"https:\/\/expressaoms.com.br\/index.php\/wp-json\/wp\/v2\/posts\/42909"}],"collection":[{"href":"https:\/\/expressaoms.com.br\/index.php\/wp-json\/wp\/v2\/posts"}],"about":[{"href":"https:\/\/expressaoms.com.br\/index.php\/wp-json\/wp\/v2\/types\/post"}],"author":[{"embeddable":true,"href":"https:\/\/expressaoms.com.br\/index.php\/wp-json\/wp\/v2\/users\/5"}],"replies":[{"embeddable":true,"href":"https:\/\/expressaoms.com.br\/index.php\/wp-json\/wp\/v2\/comments?post=42909"}],"version-history":[{"count":1,"href":"https:\/\/expressaoms.com.br\/index.php\/wp-json\/wp\/v2\/posts\/42909\/revisions"}],"predecessor-version":[{"id":42912,"href":"https:\/\/expressaoms.com.br\/index.php\/wp-json\/wp\/v2\/posts\/42909\/revisions\/42912"}],"wp:featuredmedia":[{"embeddable":true,"href":"https:\/\/expressaoms.com.br\/index.php\/wp-json\/wp\/v2\/media\/42910"}],"wp:attachment":[{"href":"https:\/\/expressaoms.com.br\/index.php\/wp-json\/wp\/v2\/media?parent=42909"}],"wp:term":[{"taxonomy":"category","embeddable":true,"href":"https:\/\/expressaoms.com.br\/index.php\/wp-json\/wp\/v2\/categories?post=42909"},{"taxonomy":"post_tag","embeddable":true,"href":"https:\/\/expressaoms.com.br\/index.php\/wp-json\/wp\/v2\/tags?post=42909"}],"curies":[{"name":"wp","href":"https:\/\/api.w.org\/{rel}","templated":true}]}}