{"id":42919,"date":"2026-01-22T08:52:30","date_gmt":"2026-01-22T12:52:30","guid":{"rendered":"https:\/\/expressaoms.com.br\/?p=42919"},"modified":"2026-01-22T06:53:40","modified_gmt":"2026-01-22T10:53:40","slug":"prf-apreende-13-mil-macos-de-cigarros-contrabandeados-em-veiculo-na-br-262-em-tres-lagoas","status":"publish","type":"post","link":"https:\/\/expressaoms.com.br\/index.php\/2026\/01\/22\/prf-apreende-13-mil-macos-de-cigarros-contrabandeados-em-veiculo-na-br-262-em-tres-lagoas\/","title":{"rendered":"PRF apreende 13 mil ma\u00e7os de cigarros contrabandeados em ve\u00edculo na BR-262, em Tr\u00eas Lagoas"},"content":{"rendered":"<div class=\"ds-message _63c77b1\">\n<div class=\"ds-markdown\">\n<p class=\"ds-markdown-paragraph\">A Pol\u00edcia Rodovi\u00e1ria Federal (PRF) apreendeu 13.000 ma\u00e7os de cigarros de origem estrangeira, sem documenta\u00e7\u00e3o fiscal, durante uma fiscaliza\u00e7\u00e3o na BR-262, em Tr\u00eas Lagoas, a 338 km de Campo Grande. A apreens\u00e3o ocorreu na tarde desta ter\u00e7a-feira (21).<\/p>\n<p class=\"ds-markdown-paragraph\">Os agentes abordaram uma picape\u00a0Chevrolet Montana\u00a0que transportava a mercadoria. Diante da fiscaliza\u00e7\u00e3o, os dois ocupantes do ve\u00edculo confessaram que os cigarros eram\u00a0produtos estrangeiros, caracterizando contrabando.<\/p>\n<p class=\"ds-markdown-paragraph\">Ap\u00f3s a confirma\u00e7\u00e3o da ilegalidade, a carga foi apreendida e os dois homens, detidos. Um deles \u00e9\u00a0menor de idade\u00a0e foi encaminhado \u00e0\u00a0Pol\u00edcia Civil\u00a0para as provid\u00eancias cab\u00edveis ao caso. O outro ocupante, adulto, foi conduzido \u00e0\u00a0Superintend\u00eancia da Pol\u00edcia Federal (PF)\u00a0em Tr\u00eas Lagoas, onde o inqu\u00e9rito para apurar o crime de\u00a0contrabando\u00a0foi instaurado.<\/p>\n<p class=\"ds-markdown-paragraph\">A PRF n\u00e3o informou o valor de mercado da carga apreendida. A apreens\u00e3o faz parte das opera\u00e7\u00f5es de rotina da corpora\u00e7\u00e3o no combate a crimes nas rodovias federais. Os cigarros ser\u00e3o encaminhados \u00e0 Receita Federal para os tr\u00e2mites de destina\u00e7\u00e3o final.<\/p>\n<\/div>\n<\/div>\n<div class=\"ds-theme\"><\/div>\n<div class=\"ds-flex _0a3d93b\">\n<div class=\"ds-flex _965abe9 _54866f7\">\n<div class=\"db183363 ds-icon-button ds-icon-button--m ds-icon-button--sizing-container\" tabindex=\"0\" role=\"button\" aria-disabled=\"false\">\n<div class=\"ds-icon-button__hover-bg\"><\/div>\n<div class=\"ds-icon\"><\/div>\n<div class=\"ds-focus-ring\"><\/div>\n<\/div>\n<div class=\"db183363 ds-icon-button ds-icon-button--m ds-icon-button--sizing-container\" tabindex=\"0\" role=\"button\" aria-disabled=\"false\">\n<div class=\"ds-icon-button__hover-bg\"><\/div>\n<div class=\"ds-icon\"><\/div>\n<div class=\"ds-focus-ring\"><\/div>\n<\/div>\n<div class=\"db183363 ds-icon-button ds-icon-button--m ds-icon-button--sizing-container\" tabindex=\"0\" role=\"button\" aria-disabled=\"false\">\n<div class=\"ds-icon-button__hover-bg\"><\/div>\n<div class=\"ds-icon\"><\/div>\n<div class=\"ds-focus-ring\"><\/div>\n<\/div>\n<div class=\"db183363 ds-icon-button ds-icon-button--m ds-icon-button--sizing-container\" tabindex=\"0\" role=\"button\" aria-disabled=\"false\">\n<div class=\"ds-icon-button__hover-bg\"><\/div>\n<div class=\"ds-icon\"><\/div>\n<div class=\"ds-focus-ring\"><\/div>\n<\/div>\n<div class=\"db183363 ds-icon-button ds-icon-button--m ds-icon-button--sizing-container\" tabindex=\"0\" role=\"button\" aria-disabled=\"false\">\n<div class=\"ds-icon-button__hover-bg\"><\/div>\n<div class=\"ds-icon\"><\/div>\n<\/div>\n<\/div>\n<\/div>\n","protected":false},"excerpt":{"rendered":"<p>A Pol\u00edcia Rodovi\u00e1ria Federal (PRF) apreendeu 13.000 ma\u00e7os de cigarros de origem estrangeira, sem documenta\u00e7\u00e3o fiscal, durante uma fiscaliza\u00e7\u00e3o na BR-262, em Tr\u00eas Lagoas, a 338 km de Campo Grande. A apreens\u00e3o ocorreu na tarde desta ter\u00e7a-feira (21). Os agentes abordaram uma picape\u00a0Chevrolet Montana\u00a0que transportava a mercadoria. Diante da fiscaliza\u00e7\u00e3o, os dois ocupantes do ve\u00edculo [&hellip;]<\/p>\n","protected":false},"author":5,"featured_media":42920,"comment_status":"open","ping_status":"open","sticky":false,"template":"","format":"standard","meta":{"om_disable_all_campaigns":false,"_monsterinsights_skip_tracking":false,"_monsterinsights_sitenote_active":false,"_monsterinsights_sitenote_note":"","_monsterinsights_sitenote_category":0,"footnotes":""},"categories":[30,266,193,48],"tags":[],"aioseo_notices":[],"_links":{"self":[{"href":"https:\/\/expressaoms.com.br\/index.php\/wp-json\/wp\/v2\/posts\/42919"}],"collection":[{"href":"https:\/\/expressaoms.com.br\/index.php\/wp-json\/wp\/v2\/posts"}],"about":[{"href":"https:\/\/expressaoms.com.br\/index.php\/wp-json\/wp\/v2\/types\/post"}],"author":[{"embeddable":true,"href":"https:\/\/expressaoms.com.br\/index.php\/wp-json\/wp\/v2\/users\/5"}],"replies":[{"embeddable":true,"href":"https:\/\/expressaoms.com.br\/index.php\/wp-json\/wp\/v2\/comments?post=42919"}],"version-history":[{"count":1,"href":"https:\/\/expressaoms.com.br\/index.php\/wp-json\/wp\/v2\/posts\/42919\/revisions"}],"predecessor-version":[{"id":42921,"href":"https:\/\/expressaoms.com.br\/index.php\/wp-json\/wp\/v2\/posts\/42919\/revisions\/42921"}],"wp:featuredmedia":[{"embeddable":true,"href":"https:\/\/expressaoms.com.br\/index.php\/wp-json\/wp\/v2\/media\/42920"}],"wp:attachment":[{"href":"https:\/\/expressaoms.com.br\/index.php\/wp-json\/wp\/v2\/media?parent=42919"}],"wp:term":[{"taxonomy":"category","embeddable":true,"href":"https:\/\/expressaoms.com.br\/index.php\/wp-json\/wp\/v2\/categories?post=42919"},{"taxonomy":"post_tag","embeddable":true,"href":"https:\/\/expressaoms.com.br\/index.php\/wp-json\/wp\/v2\/tags?post=42919"}],"curies":[{"name":"wp","href":"https:\/\/api.w.org\/{rel}","templated":true}]}}