{"id":42922,"date":"2026-01-22T10:25:07","date_gmt":"2026-01-22T14:25:07","guid":{"rendered":"https:\/\/expressaoms.com.br\/?p=42922"},"modified":"2026-01-22T06:56:45","modified_gmt":"2026-01-22T10:56:45","slug":"brasilandia-sedia-reuniao-tecnica-com-cetran-ms-e-forcas-de-seguranca-para-aprimorar-gestao-do-transito-municipal","status":"publish","type":"post","link":"https:\/\/expressaoms.com.br\/index.php\/2026\/01\/22\/brasilandia-sedia-reuniao-tecnica-com-cetran-ms-e-forcas-de-seguranca-para-aprimorar-gestao-do-transito-municipal\/","title":{"rendered":"Brasil\u00e2ndia sedia reuni\u00e3o t\u00e9cnica com CETRAN-MS e for\u00e7as de seguran\u00e7a para aprimorar gest\u00e3o do tr\u00e2nsito municipal"},"content":{"rendered":"<p>O Pa\u00e7o Municipal de Brasil\u00e2ndia foi cen\u00e1rio, na manh\u00e3 desta quarta-feira (21), de uma importante articula\u00e7\u00e3o voltada \u00e0 seguran\u00e7a vi\u00e1ria e \u00e0 organiza\u00e7\u00e3o urbana. O\u00a0<strong>Departamento Municipal de Tr\u00e2nsito<\/strong>\u00a0recebeu representantes do Conselho Estadual de Tr\u00e2nsito de Mato Grosso do Sul (<strong>CETRAN-MS<\/strong>) para uma reuni\u00e3o institucional focada no alinhamento t\u00e9cnico e na orienta\u00e7\u00e3o normativa das a\u00e7\u00f5es de tr\u00e1fego na cidade.<\/p>\n<p>&nbsp;<\/p>\n<p>O encontro, realizado \u00e0s 09h (hor\u00e1rio de MS), reuniu uma for\u00e7a-tarefa multidisciplinar. Al\u00e9m da equipe t\u00e9cnica do Tr\u00e2nsito, estiveram presentes representantes da\u00a0<strong>Secretaria Municipal de Infraestrutura<\/strong>,\u00a0<strong>Secretaria Municipal de Educa\u00e7\u00e3o<\/strong>, a Junta Administrativa de Recursos de Infra\u00e7\u00f5es (<strong>JARI<\/strong>) e a\u00a0<strong>Pol\u00edcia Militar<\/strong>.<\/p>\n<p>&nbsp;<\/p>\n<p><strong>Integra\u00e7\u00e3o e Planejamento<\/strong><\/p>\n<p>A pauta central girou em torno do fortalecimento da gest\u00e3o municipal. A presen\u00e7a do \u00f3rg\u00e3o estadual (CETRAN) permitiu esclarecer d\u00favidas sobre a legisla\u00e7\u00e3o vigente e tra\u00e7ar estrat\u00e9gias para tornar a fiscaliza\u00e7\u00e3o e a educa\u00e7\u00e3o no tr\u00e2nsito mais eficientes.<\/p>\n<p>&nbsp;<\/p>\n<p>A integra\u00e7\u00e3o com a pasta da Educa\u00e7\u00e3o e com a Pol\u00edcia Militar demonstra, ainda, que o munic\u00edpio busca atuar em duas frentes essenciais: a preven\u00e7\u00e3o, atrav\u00e9s da conscientiza\u00e7\u00e3o nas escolas, e a ordem, atrav\u00e9s do policiamento ostensivo.<\/p>\n<p>&nbsp;<\/p>\n<p>Com esse alinhamento estrat\u00e9gico, a administra\u00e7\u00e3o municipal projeta um cen\u00e1rio de maior fluidez e seguran\u00e7a nas vias p\u00fablicas, garantindo que as normas sejam aplicadas de forma justa e que a prote\u00e7\u00e3o \u00e0 vida continue sendo a prioridade n\u00famero um nas ruas de Brasil\u00e2ndia.<\/p>\n","protected":false},"excerpt":{"rendered":"<p>O Pa\u00e7o Municipal de Brasil\u00e2ndia foi cen\u00e1rio, na manh\u00e3 desta quarta-feira (21), de uma importante articula\u00e7\u00e3o voltada \u00e0 seguran\u00e7a vi\u00e1ria e \u00e0 organiza\u00e7\u00e3o urbana. O\u00a0Departamento Municipal de Tr\u00e2nsito\u00a0recebeu representantes do Conselho Estadual de Tr\u00e2nsito de Mato Grosso do Sul (CETRAN-MS) para uma reuni\u00e3o institucional focada no alinhamento t\u00e9cnico e na orienta\u00e7\u00e3o normativa das a\u00e7\u00f5es de [&hellip;]<\/p>\n","protected":false},"author":5,"featured_media":42923,"comment_status":"open","ping_status":"open","sticky":false,"template":"","format":"standard","meta":{"om_disable_all_campaigns":false,"_monsterinsights_skip_tracking":false,"_monsterinsights_sitenote_active":false,"_monsterinsights_sitenote_note":"","_monsterinsights_sitenote_category":0,"footnotes":""},"categories":[26,30,266,193],"tags":[],"aioseo_notices":[],"_links":{"self":[{"href":"https:\/\/expressaoms.com.br\/index.php\/wp-json\/wp\/v2\/posts\/42922"}],"collection":[{"href":"https:\/\/expressaoms.com.br\/index.php\/wp-json\/wp\/v2\/posts"}],"about":[{"href":"https:\/\/expressaoms.com.br\/index.php\/wp-json\/wp\/v2\/types\/post"}],"author":[{"embeddable":true,"href":"https:\/\/expressaoms.com.br\/index.php\/wp-json\/wp\/v2\/users\/5"}],"replies":[{"embeddable":true,"href":"https:\/\/expressaoms.com.br\/index.php\/wp-json\/wp\/v2\/comments?post=42922"}],"version-history":[{"count":1,"href":"https:\/\/expressaoms.com.br\/index.php\/wp-json\/wp\/v2\/posts\/42922\/revisions"}],"predecessor-version":[{"id":42924,"href":"https:\/\/expressaoms.com.br\/index.php\/wp-json\/wp\/v2\/posts\/42922\/revisions\/42924"}],"wp:featuredmedia":[{"embeddable":true,"href":"https:\/\/expressaoms.com.br\/index.php\/wp-json\/wp\/v2\/media\/42923"}],"wp:attachment":[{"href":"https:\/\/expressaoms.com.br\/index.php\/wp-json\/wp\/v2\/media?parent=42922"}],"wp:term":[{"taxonomy":"category","embeddable":true,"href":"https:\/\/expressaoms.com.br\/index.php\/wp-json\/wp\/v2\/categories?post=42922"},{"taxonomy":"post_tag","embeddable":true,"href":"https:\/\/expressaoms.com.br\/index.php\/wp-json\/wp\/v2\/tags?post=42922"}],"curies":[{"name":"wp","href":"https:\/\/api.w.org\/{rel}","templated":true}]}}