{"id":42925,"date":"2026-01-22T07:31:59","date_gmt":"2026-01-22T11:31:59","guid":{"rendered":"https:\/\/expressaoms.com.br\/?p=42925"},"modified":"2026-01-22T07:31:59","modified_gmt":"2026-01-22T11:31:59","slug":"prefeitura-de-tres-lagoas-esclarece-informacoes-sobre-abastecimento-de-medicamentos-na-rede-publica","status":"publish","type":"post","link":"https:\/\/expressaoms.com.br\/index.php\/2026\/01\/22\/prefeitura-de-tres-lagoas-esclarece-informacoes-sobre-abastecimento-de-medicamentos-na-rede-publica\/","title":{"rendered":"Prefeitura de Tr\u00eas Lagoas esclarece informa\u00e7\u00f5es sobre abastecimento de medicamentos na rede p\u00fablica"},"content":{"rendered":"<p>A Prefeitura de Tr\u00eas Lagoas, por meio da Secretaria Municipal de Sa\u00fade (SMS), esclarece \u00e0 popula\u00e7\u00e3o que n\u00e3o procede a informa\u00e7\u00e3o de falta generalizada de medicamentos na rede p\u00fablica de sa\u00fade do munic\u00edpio. O tema tem sido alvo de desinforma\u00e7\u00e3o nas redes sociais, o que gera inseguran\u00e7a e d\u00favidas entre os usu\u00e1rios do SUS.<\/p>\n<p>A gest\u00e3o municipal refor\u00e7a que o abastecimento de medicamentos segue um planejamento cont\u00ednuo, com controle de estoque, processos licitat\u00f3rios em andamento e acompanhamento t\u00e9cnico permanente para garantir que os medicamentos cheguem \u00e0s unidades de sa\u00fade.<\/p>\n<p>Eventuais faltas pontuais podem ocorrer devido a fatores externos, como atraso de fornecedores ou indisponibilidade de determinados itens no mercado nacional, situa\u00e7\u00e3o que n\u00e3o \u00e9 exclusiva de Tr\u00eas Lagoas. Nesses casos, a Secretaria de Sa\u00fade adota medidas imediatas para regularizar o fornecimento o mais r\u00e1pido poss\u00edvel.<\/p>\n<p>A administra\u00e7\u00e3o municipal destaca que o trabalho de monitoramento \u00e9 constante e que equipes t\u00e9cnicas acompanham diariamente a distribui\u00e7\u00e3o dos medicamentos nas unidades de sa\u00fade, buscando assegurar atendimento \u00e0 popula\u00e7\u00e3o com responsabilidade e transpar\u00eancia.<\/p>\n<p>A Prefeitura orienta ainda que, diante de d\u00favidas, os mun\u00edcipes procurem a Secretaria Municipal de Sa\u00fade por meio dos telefones\u00a0<a href=\"https:\/\/www.google.com\/search?q=secretaria+de+saude+tres+lagoas+rua+jo%C3%A3o+silva&amp;rlz=1C1GCEU_pt-BRBR1178BR1178&amp;oq=secretaria+de+saude+tres+lagoas+rua+jo%C3%A3o+silva&amp;gs_lcrp=EgZjaHJvbWUyBggAEEUYOTIHCAEQIRigAdIBCTExMTU0ajBqN6gCALACAA&amp;sourceid=chrome&amp;ie=UTF-8#\">(67) 98139-3273<\/a>, ou presencialmente na R. Jo\u00e3o Silva, n\u00b0 939 \u2013 centro, com hor\u00e1rio de funcionamento das 7h \u00e0s 18h, sem intervalo para almo\u00e7o, a fim de esclarecimentos de d\u00favida, evitando propaga\u00e7\u00e3o de not\u00edcias falsas.<\/p>\n","protected":false},"excerpt":{"rendered":"<p>A Prefeitura de Tr\u00eas Lagoas, por meio da Secretaria Municipal de Sa\u00fade (SMS), esclarece \u00e0 popula\u00e7\u00e3o que n\u00e3o procede a informa\u00e7\u00e3o de falta generalizada de medicamentos na rede p\u00fablica de sa\u00fade do munic\u00edpio. O tema tem sido alvo de desinforma\u00e7\u00e3o nas redes sociais, o que gera inseguran\u00e7a e d\u00favidas entre os usu\u00e1rios do SUS. A [&hellip;]<\/p>\n","protected":false},"author":5,"featured_media":42926,"comment_status":"open","ping_status":"open","sticky":false,"template":"","format":"standard","meta":{"om_disable_all_campaigns":false,"_monsterinsights_skip_tracking":false,"_monsterinsights_sitenote_active":false,"_monsterinsights_sitenote_note":"","_monsterinsights_sitenote_category":0,"footnotes":""},"categories":[30,36,266,193,48],"tags":[],"aioseo_notices":[],"_links":{"self":[{"href":"https:\/\/expressaoms.com.br\/index.php\/wp-json\/wp\/v2\/posts\/42925"}],"collection":[{"href":"https:\/\/expressaoms.com.br\/index.php\/wp-json\/wp\/v2\/posts"}],"about":[{"href":"https:\/\/expressaoms.com.br\/index.php\/wp-json\/wp\/v2\/types\/post"}],"author":[{"embeddable":true,"href":"https:\/\/expressaoms.com.br\/index.php\/wp-json\/wp\/v2\/users\/5"}],"replies":[{"embeddable":true,"href":"https:\/\/expressaoms.com.br\/index.php\/wp-json\/wp\/v2\/comments?post=42925"}],"version-history":[{"count":1,"href":"https:\/\/expressaoms.com.br\/index.php\/wp-json\/wp\/v2\/posts\/42925\/revisions"}],"predecessor-version":[{"id":42927,"href":"https:\/\/expressaoms.com.br\/index.php\/wp-json\/wp\/v2\/posts\/42925\/revisions\/42927"}],"wp:featuredmedia":[{"embeddable":true,"href":"https:\/\/expressaoms.com.br\/index.php\/wp-json\/wp\/v2\/media\/42926"}],"wp:attachment":[{"href":"https:\/\/expressaoms.com.br\/index.php\/wp-json\/wp\/v2\/media?parent=42925"}],"wp:term":[{"taxonomy":"category","embeddable":true,"href":"https:\/\/expressaoms.com.br\/index.php\/wp-json\/wp\/v2\/categories?post=42925"},{"taxonomy":"post_tag","embeddable":true,"href":"https:\/\/expressaoms.com.br\/index.php\/wp-json\/wp\/v2\/tags?post=42925"}],"curies":[{"name":"wp","href":"https:\/\/api.w.org\/{rel}","templated":true}]}}