{"id":42928,"date":"2026-01-22T12:59:48","date_gmt":"2026-01-22T16:59:48","guid":{"rendered":"https:\/\/expressaoms.com.br\/?p=42928"},"modified":"2026-01-22T12:59:48","modified_gmt":"2026-01-22T16:59:48","slug":"mutirao-da-limpeza-comeca-na-segunda-feira-26-no-bairro-vila-piloto","status":"publish","type":"post","link":"https:\/\/expressaoms.com.br\/index.php\/2026\/01\/22\/mutirao-da-limpeza-comeca-na-segunda-feira-26-no-bairro-vila-piloto\/","title":{"rendered":"Mutir\u00e3o da Limpeza come\u00e7a na segunda-feira (26) no bairro Vila Piloto"},"content":{"rendered":"<p>A partir de segunda-feira, 26 de janeiro, o Mutir\u00e3o da Limpeza, a\u00e7\u00e3o da Prefeitura de Tr\u00eas Lagoas, realizada pela Secretaria Municipal de Sa\u00fade (SMS), em parceria com a Secretaria Municipal de Infraestrutura, Transporte e Tr\u00e2nsito (SEINTRA), iniciar\u00e1 a distribui\u00e7\u00e3o de ca\u00e7ambas no bairro Vila Piloto.<\/p>\n<p>Durante o mutir\u00e3o, s\u00e3o disponibilizadas ca\u00e7ambas para uso da popula\u00e7\u00e3o. Nesses locais, os mun\u00edcipes poder\u00e3o descartar todos os itens que possam acumular \u00e1gua, como garrafas, pneus, latas, vasos, lonas e eletrodom\u00e9sticos antigos. Tamb\u00e9m poder\u00e3o ser descartados materiais org\u00e2nicos em decomposi\u00e7\u00e3o, como folhas, galhos e madeira podre, al\u00e9m de itens que possam servir de abrigo para escorpi\u00f5es, como telhas, tijolos e outros entulhos.<\/p>\n<p>O Mutir\u00e3o da Limpeza tem como objetivo eliminar criadouros de vetores de doen\u00e7as relacionadas \u00e0s arboviroses, \u00e0 leishmaniose e aos escorpi\u00f5es. Os moradores da regi\u00e3o ter\u00e3o at\u00e9 o dia 9 de fevereiro para descartar seus materiais nas ca\u00e7ambas disponibilizadas.<\/p>\n<p><strong>ONDE ENCONTRAR?<\/strong><\/p>\n<p>As ca\u00e7ambas estar\u00e3o localizadas nas seguintes vias, em frente aos n\u00fameros indicados:<\/p>\n<p><a href=\"https:\/\/expressaoms.com.br\/wp-content\/uploads\/2026\/01\/RELACAO-CACAMBAS-V.-PILOTO-1.pdf\">RELACAO-CACAMBAS-V.-PILOTO-1<\/a><\/p>\n","protected":false},"excerpt":{"rendered":"<p>A partir de segunda-feira, 26 de janeiro, o Mutir\u00e3o da Limpeza, a\u00e7\u00e3o da Prefeitura de Tr\u00eas Lagoas, realizada pela Secretaria Municipal de Sa\u00fade (SMS), em parceria com a Secretaria Municipal de Infraestrutura, Transporte e Tr\u00e2nsito (SEINTRA), iniciar\u00e1 a distribui\u00e7\u00e3o de ca\u00e7ambas no bairro Vila Piloto. Durante o mutir\u00e3o, s\u00e3o disponibilizadas ca\u00e7ambas para uso da popula\u00e7\u00e3o. [&hellip;]<\/p>\n","protected":false},"author":5,"featured_media":42930,"comment_status":"open","ping_status":"open","sticky":false,"template":"","format":"standard","meta":{"om_disable_all_campaigns":false,"_monsterinsights_skip_tracking":false,"_monsterinsights_sitenote_active":false,"_monsterinsights_sitenote_note":"","_monsterinsights_sitenote_category":0,"footnotes":""},"categories":[30,266,193,48],"tags":[],"aioseo_notices":[],"_links":{"self":[{"href":"https:\/\/expressaoms.com.br\/index.php\/wp-json\/wp\/v2\/posts\/42928"}],"collection":[{"href":"https:\/\/expressaoms.com.br\/index.php\/wp-json\/wp\/v2\/posts"}],"about":[{"href":"https:\/\/expressaoms.com.br\/index.php\/wp-json\/wp\/v2\/types\/post"}],"author":[{"embeddable":true,"href":"https:\/\/expressaoms.com.br\/index.php\/wp-json\/wp\/v2\/users\/5"}],"replies":[{"embeddable":true,"href":"https:\/\/expressaoms.com.br\/index.php\/wp-json\/wp\/v2\/comments?post=42928"}],"version-history":[{"count":1,"href":"https:\/\/expressaoms.com.br\/index.php\/wp-json\/wp\/v2\/posts\/42928\/revisions"}],"predecessor-version":[{"id":42931,"href":"https:\/\/expressaoms.com.br\/index.php\/wp-json\/wp\/v2\/posts\/42928\/revisions\/42931"}],"wp:featuredmedia":[{"embeddable":true,"href":"https:\/\/expressaoms.com.br\/index.php\/wp-json\/wp\/v2\/media\/42930"}],"wp:attachment":[{"href":"https:\/\/expressaoms.com.br\/index.php\/wp-json\/wp\/v2\/media?parent=42928"}],"wp:term":[{"taxonomy":"category","embeddable":true,"href":"https:\/\/expressaoms.com.br\/index.php\/wp-json\/wp\/v2\/categories?post=42928"},{"taxonomy":"post_tag","embeddable":true,"href":"https:\/\/expressaoms.com.br\/index.php\/wp-json\/wp\/v2\/tags?post=42928"}],"curies":[{"name":"wp","href":"https:\/\/api.w.org\/{rel}","templated":true}]}}