{"id":42944,"date":"2026-01-23T05:08:09","date_gmt":"2026-01-23T09:08:09","guid":{"rendered":"https:\/\/expressaoms.com.br\/?p=42944"},"modified":"2026-01-23T09:43:46","modified_gmt":"2026-01-23T13:43:46","slug":"fusqueiros-de-tres-lagoas-ganham-reconhecimento-associacao-e-declarada-de-utilidade-publica","status":"publish","type":"post","link":"https:\/\/expressaoms.com.br\/index.php\/2026\/01\/23\/fusqueiros-de-tres-lagoas-ganham-reconhecimento-associacao-e-declarada-de-utilidade-publica\/","title":{"rendered":"Fusqueiros de Tr\u00eas Lagoas ganham reconhecimento: Associa\u00e7\u00e3o \u00e9 declarada de utilidade p\u00fablica"},"content":{"rendered":"<p class=\"ds-markdown-paragraph\">Em uma decis\u00e3o que celebra a paix\u00e3o automotiva e seu papel na cultura e na sociedade, o Munic\u00edpio de Tr\u00eas Lagoas declarou oficialmente de Utilidade P\u00fablica a Associa\u00e7\u00e3o Clube do Fusca e Aircooled &#8211; Fusqueiros Aircooled Group. A Lei n\u00ba 4.389, de 11 de dezembro de 2025, foi sancionada pelo Prefeito Cassiano Maia e publicada no Di\u00e1rio Oficial do Munic\u00edpio desta sexta-feira (23), consolidando o reconhecimento do Poder P\u00fablico ao trabalho da entidade.<\/p>\n<p class=\"ds-markdown-paragraph\">A lei, de autoria do\u00a0Vereador Fernando Jurado, foi aprovada pela C\u00e2mara Municipal e promulgada pelo Chefe do Executivo no uso de suas atribui\u00e7\u00f5es. O texto legal destaca a associa\u00e7\u00e3o, pessoa jur\u00eddica de direito privado inscrita no CNPJ sob o n\u00ba 56.524.688\/0001-63, com sede na Rua Trinta e Sete, n\u00ba 32, no bairro Vila Piloto.<\/p>\n<p class=\"ds-markdown-paragraph\">O artigo 1\u00ba da lei \u00e9 claro ao &#8220;tornar de Utilidade P\u00fablica&#8221; a entidade, que tem seu estatuto devidamente registrado no Cart\u00f3rio do 4\u00ba Servi\u00e7o Notarial e de Registro de T\u00edtulos e Documentos e Civil das Pessoas Jur\u00eddicas de Tr\u00eas Lagoas. Esse status \u00e9 um marco para clubes de autom\u00f3veis, pois atesta que suas atividades v\u00e3o al\u00e9m do lazer, contribuindo de forma relevante para a coletividade, seja pela preserva\u00e7\u00e3o da hist\u00f3ria automotiva, pela promo\u00e7\u00e3o de eventos que movimentam o com\u00e9rcio e o turismo, ou pelo forte entrela\u00e7amento social que proporcionam.<\/p>\n<p class=\"ds-markdown-paragraph\">A concess\u00e3o do t\u00edtulo n\u00e3o \u00e9 definitiva e vem acompanhada de responsabilidades, conforme detalha o art. 2\u00ba da nova legisla\u00e7\u00e3o. Para manter a declara\u00e7\u00e3o de utilidade p\u00fablica, a associa\u00e7\u00e3o\u00a0Fusqueiros Aircooled Group\u00a0deve:<\/p>\n<ul>\n<li>\n<p class=\"ds-markdown-paragraph\">Apresentar anualmente, at\u00e9 30 de abril, um relat\u00f3rio detalhado \u00e0 Prefeitura sobre os servi\u00e7os prestados \u00e0 comunidade no ano anterior.<\/p>\n<\/li>\n<li>\n<p class=\"ds-markdown-paragraph\">Manter os fins estatut\u00e1rios originais e n\u00e3o se recusar a prestar os servi\u00e7os previstos.<\/p>\n<\/li>\n<li>\n<p class=\"ds-markdown-paragraph\">Comunicar formalmente \u00e0 administra\u00e7\u00e3o municipal qualquer altera\u00e7\u00e3o em sua denomina\u00e7\u00e3o social no prazo de 90 dias.<\/p>\n<\/li>\n<\/ul>\n<p class=\"ds-markdown-paragraph\">O descumprimento dessas obriga\u00e7\u00f5es, especialmente a falta de presta\u00e7\u00e3o de contas por dois anos consecutivos, pode levar \u00e0 perda do t\u00edtulo de utilidade p\u00fablica.<\/p>\n<p class=\"ds-markdown-paragraph\">A publica\u00e7\u00e3o da lei \u00e9 vista como uma valida\u00e7\u00e3o do trabalho de anos dos entusiastas do Fusca e ve\u00edculos a ar de Tr\u00eas Lagoas. O reconhecimento como utilidade p\u00fablica pode abrir portas para novas parcerias com o poder p\u00fablico, facilitar a capta\u00e7\u00e3o de recursos e consolidar o clube como uma institui\u00e7\u00e3o permanente e ben\u00e9fica na cidade.<\/p>\n<p class=\"ds-markdown-paragraph\">A lei entrou em vigor nesta data de publica\u00e7\u00e3o, 23 de janeiro de 2026, conforme estabelece seu artigo 3\u00ba. O ato refor\u00e7a a vis\u00e3o de que o patrim\u00f4nio afetivo e cultural representado por clubes de autom\u00f3veis antigos \u00e9 um valioso ativo social, digno de incentivo e prote\u00e7\u00e3o por parte do Munic\u00edpio.<\/p>\n","protected":false},"excerpt":{"rendered":"<p>Em uma decis\u00e3o que celebra a paix\u00e3o automotiva e seu papel na cultura e na sociedade, o Munic\u00edpio de Tr\u00eas Lagoas declarou oficialmente de Utilidade P\u00fablica a Associa\u00e7\u00e3o Clube do Fusca e Aircooled &#8211; Fusqueiros Aircooled Group. A Lei n\u00ba 4.389, de 11 de dezembro de 2025, foi sancionada pelo Prefeito Cassiano Maia e publicada [&hellip;]<\/p>\n","protected":false},"author":5,"featured_media":42945,"comment_status":"open","ping_status":"open","sticky":false,"template":"","format":"standard","meta":{"om_disable_all_campaigns":false,"_monsterinsights_skip_tracking":false,"_monsterinsights_sitenote_active":false,"_monsterinsights_sitenote_note":"","_monsterinsights_sitenote_category":0,"footnotes":""},"categories":[30,266,193,48],"tags":[],"aioseo_notices":[],"_links":{"self":[{"href":"https:\/\/expressaoms.com.br\/index.php\/wp-json\/wp\/v2\/posts\/42944"}],"collection":[{"href":"https:\/\/expressaoms.com.br\/index.php\/wp-json\/wp\/v2\/posts"}],"about":[{"href":"https:\/\/expressaoms.com.br\/index.php\/wp-json\/wp\/v2\/types\/post"}],"author":[{"embeddable":true,"href":"https:\/\/expressaoms.com.br\/index.php\/wp-json\/wp\/v2\/users\/5"}],"replies":[{"embeddable":true,"href":"https:\/\/expressaoms.com.br\/index.php\/wp-json\/wp\/v2\/comments?post=42944"}],"version-history":[{"count":2,"href":"https:\/\/expressaoms.com.br\/index.php\/wp-json\/wp\/v2\/posts\/42944\/revisions"}],"predecessor-version":[{"id":42967,"href":"https:\/\/expressaoms.com.br\/index.php\/wp-json\/wp\/v2\/posts\/42944\/revisions\/42967"}],"wp:featuredmedia":[{"embeddable":true,"href":"https:\/\/expressaoms.com.br\/index.php\/wp-json\/wp\/v2\/media\/42945"}],"wp:attachment":[{"href":"https:\/\/expressaoms.com.br\/index.php\/wp-json\/wp\/v2\/media?parent=42944"}],"wp:term":[{"taxonomy":"category","embeddable":true,"href":"https:\/\/expressaoms.com.br\/index.php\/wp-json\/wp\/v2\/categories?post=42944"},{"taxonomy":"post_tag","embeddable":true,"href":"https:\/\/expressaoms.com.br\/index.php\/wp-json\/wp\/v2\/tags?post=42944"}],"curies":[{"name":"wp","href":"https:\/\/api.w.org\/{rel}","templated":true}]}}