{"id":42947,"date":"2026-01-23T05:15:53","date_gmt":"2026-01-23T09:15:53","guid":{"rendered":"https:\/\/expressaoms.com.br\/?p=42947"},"modified":"2026-01-23T05:15:53","modified_gmt":"2026-01-23T09:15:53","slug":"tres-lagoas-institui-o-dia-da-pastora-evangelica-e-do-pastor-evangelico","status":"publish","type":"post","link":"https:\/\/expressaoms.com.br\/index.php\/2026\/01\/23\/tres-lagoas-institui-o-dia-da-pastora-evangelica-e-do-pastor-evangelico\/","title":{"rendered":"Tr\u00eas Lagoas Institui o &#8220;Dia da Pastora Evang\u00e9lica e do Pastor Evang\u00e9lico&#8221;"},"content":{"rendered":"<p class=\"ds-markdown-paragraph\">O calend\u00e1rio oficial do Munic\u00edpio de Tr\u00eas Lagoas ganha uma nova data de reconhecimento e celebra\u00e7\u00e3o. Foi sancionada e publicada no Di\u00e1rio Oficial a Lei Municipal n\u00ba 4.392, de 11 de dezembro de 2025, que institui o &#8220;Dia da Pastora Evang\u00e9lica e do Pastor Evang\u00e9lico&#8221; no \u00e2mbito da cidade.<\/p>\n<p class=\"ds-markdown-paragraph\">A lei, de autoria do\u00a0Vereador Robson Fegruglia, foi aprovada pela C\u00e2mara Municipal e promulgada pelo\u00a0Prefeito Cassiano Maia, que a sancionou no uso das atribui\u00e7\u00f5es conferidas pela Lei Org\u00e2nica do Munic\u00edpio.<\/p>\n<p class=\"ds-markdown-paragraph\">Conforme estabelece o Artigo 1\u00ba da nova legisla\u00e7\u00e3o, a homenagem ser\u00e1 comemorada anualmente no\u00a0segundo domingo do m\u00eas de junho. A escolha de um domingo para a data ressalta o car\u00e1ter da celebra\u00e7\u00e3o, coincidindo com o dia tradicional de maior atividade e lideran\u00e7a pastoral nas comunidades religiosas.<\/p>\n<p class=\"ds-markdown-paragraph\">A institui\u00e7\u00e3o de uma data comemorativa municipal \u00e9 uma forma de o Poder P\u00fablico reconhecer publicamente a import\u00e2ncia do trabalho desenvolvido por pastores e pastoras evang\u00e9licos na sociedade tr\u00eas-lagoense. A lei visa destacar a atua\u00e7\u00e3o desses l\u00edderes n\u00e3o apenas no \u00e2mbito espiritual, mas tamb\u00e9m em seu envolvimento com a\u00e7\u00f5es sociais, orienta\u00e7\u00e3o comunit\u00e1ria e contribui\u00e7\u00e3o para a constru\u00e7\u00e3o de valores na cidade.<\/p>\n<p class=\"ds-markdown-paragraph\">A Lei n\u00ba 4.392\/2025 entrou em vigor nesta data de publica\u00e7\u00e3o, conforme determina seu Artigo 2\u00ba. A partir de agora, a primeira celebra\u00e7\u00e3o oficial do &#8220;Dia da Pastora Evang\u00e9lica e do Pastor Evang\u00e9lico&#8221; em Tr\u00eas Lagoas est\u00e1 marcada para o\u00a0segundo domingo de junho de 2026, integrando-se ao rol de datas dedicadas a valorizar profiss\u00f5es e grupos essenciais para o tecido social da cidade.<\/p>\n","protected":false},"excerpt":{"rendered":"<p>O calend\u00e1rio oficial do Munic\u00edpio de Tr\u00eas Lagoas ganha uma nova data de reconhecimento e celebra\u00e7\u00e3o. Foi sancionada e publicada no Di\u00e1rio Oficial a Lei Municipal n\u00ba 4.392, de 11 de dezembro de 2025, que institui o &#8220;Dia da Pastora Evang\u00e9lica e do Pastor Evang\u00e9lico&#8221; no \u00e2mbito da cidade. A lei, de autoria do\u00a0Vereador Robson [&hellip;]<\/p>\n","protected":false},"author":5,"featured_media":42948,"comment_status":"open","ping_status":"open","sticky":false,"template":"","format":"standard","meta":{"om_disable_all_campaigns":false,"_monsterinsights_skip_tracking":false,"_monsterinsights_sitenote_active":false,"_monsterinsights_sitenote_note":"","_monsterinsights_sitenote_category":0,"footnotes":""},"categories":[30,266,48],"tags":[],"aioseo_notices":[],"_links":{"self":[{"href":"https:\/\/expressaoms.com.br\/index.php\/wp-json\/wp\/v2\/posts\/42947"}],"collection":[{"href":"https:\/\/expressaoms.com.br\/index.php\/wp-json\/wp\/v2\/posts"}],"about":[{"href":"https:\/\/expressaoms.com.br\/index.php\/wp-json\/wp\/v2\/types\/post"}],"author":[{"embeddable":true,"href":"https:\/\/expressaoms.com.br\/index.php\/wp-json\/wp\/v2\/users\/5"}],"replies":[{"embeddable":true,"href":"https:\/\/expressaoms.com.br\/index.php\/wp-json\/wp\/v2\/comments?post=42947"}],"version-history":[{"count":1,"href":"https:\/\/expressaoms.com.br\/index.php\/wp-json\/wp\/v2\/posts\/42947\/revisions"}],"predecessor-version":[{"id":42949,"href":"https:\/\/expressaoms.com.br\/index.php\/wp-json\/wp\/v2\/posts\/42947\/revisions\/42949"}],"wp:featuredmedia":[{"embeddable":true,"href":"https:\/\/expressaoms.com.br\/index.php\/wp-json\/wp\/v2\/media\/42948"}],"wp:attachment":[{"href":"https:\/\/expressaoms.com.br\/index.php\/wp-json\/wp\/v2\/media?parent=42947"}],"wp:term":[{"taxonomy":"category","embeddable":true,"href":"https:\/\/expressaoms.com.br\/index.php\/wp-json\/wp\/v2\/categories?post=42947"},{"taxonomy":"post_tag","embeddable":true,"href":"https:\/\/expressaoms.com.br\/index.php\/wp-json\/wp\/v2\/tags?post=42947"}],"curies":[{"name":"wp","href":"https:\/\/api.w.org\/{rel}","templated":true}]}}